{"id":94540,"date":"2023-09-08T23:21:39","date_gmt":"2023-09-08T15:21:39","guid":{"rendered":"http:\/\/www.namnewsnetwork.org\/es\/?p=94540"},"modified":"2023-09-08T23:21:40","modified_gmt":"2023-09-08T15:21:40","slug":"quito-celebra-45-anos-como-patrimonio-cultural-de-la-humanidad","status":"publish","type":"post","link":"http:\/\/www.namnewsnetwork.org\/es\/?p=94540","title":{"rendered":"Quito celebra 45 a\u00f1os como Patrimonio Cultural de la Humanidad"},"content":{"rendered":"\n<p>QUITO, 8 sep (NNN-PRENSA LATINA) &#8212; La capital ecuatoriana celebra el viernes 45 a\u00f1os de la declaratoria como Patrimonio Cultural de la Humanidad, primera ciudad del mundo en recibir ese reconocimiento de la Organizaci\u00f3n de Naciones Unidas para la Educaci\u00f3n, la Ciencia y la Cultura (Unesco).<\/p>\n\n\n\n<p>El 8 de septiembre de 1978, Quito mereci\u00f3 la distinci\u00f3n por la existencia de valores culturales e hist\u00f3ricos y por tener una de las mayores densidades de sitios patrimoniales de los centros hist\u00f3ricos de Am\u00e9rica Latina.<\/p>\n\n\n\n<p>En las 370 hect\u00e1reas de la parte m\u00e1s antigua de la urbe existen 32 museos, 24 iglesias, seis capillas, siete conventos, seis monasterios, 13 plazas y otros lugares de inter\u00e9s que guardan celosamente la historia y tradiciones. Para festejar la fecha, la alcald\u00eda prepar\u00f3 una serie de eventos culturales, entre ellos conciertos, exposiciones y desfiles tradicionales.<\/p>\n\n\n\n<p>La conmemoraci\u00f3n central por aniversario 45 tendr\u00e1 lugar en la noche de hoy en la plaza San Francisco, del Centro Hist\u00f3rico, donde se presentar\u00e1n m\u00e1s de 60 artistas, con coros y orquestas en vivo, as\u00ed como proyecciones con video mapping.<\/p>\n\n\n\n<p>El 6 de diciembre de 1534 el militar espa\u00f1ol Sebasti\u00e1n de Benalc\u00e1zar fund\u00f3 San Francisco de Quito en el coraz\u00f3n de los Andes, sobre las cenizas de un territorio inca incendiado para no dejar nada al arbitrio del conquistador.<\/p>\n\n\n\n<p>A sus 488 a\u00f1os, Quito, construida en las faldas del volc\u00e1n Pichincha a dos mil 850 metros sobre el nivel del mar, es reconocida por tener uno de los centros hist\u00f3ricos coloniales mejor conservados de Am\u00e9rica Latina, aunque el crecimiento citadino implica desaf\u00edos como la movilidad urbana.<br>&#8212; NNN-PRENSA LATINA<\/p>\n","protected":false},"excerpt":{"rendered":"<p>QUITO, 8 sep (NNN-PRENSA LATINA) &#8212; La capital ecuatoriana celebra el viernes 45 a\u00f1os de la declaratoria como Patrimonio Cultural de la Humanidad, primera ciudad del mundo en recibir ese reconocimiento de la Organizaci\u00f3n de Naciones Unidas para la Educaci\u00f3n, la Ciencia y la Cultura (Unesco). El 8 de septiembre de 1978, Quito mereci\u00f3 la [&hellip;]<\/p>\n","protected":false},"author":2,"featured_media":94547,"comment_status":"closed","ping_status":"closed","sticky":false,"template":"","format":"standard","meta":[],"categories":[215,277,211],"tags":[],"_links":{"self":[{"href":"http:\/\/www.namnewsnetwork.org\/es\/index.php?rest_route=\/wp\/v2\/posts\/94540"}],"collection":[{"href":"http:\/\/www.namnewsnetwork.org\/es\/index.php?rest_route=\/wp\/v2\/posts"}],"about":[{"href":"http:\/\/www.namnewsnetwork.org\/es\/index.php?rest_route=\/wp\/v2\/types\/post"}],"author":[{"embeddable":true,"href":"http:\/\/www.namnewsnetwork.org\/es\/index.php?rest_route=\/wp\/v2\/users\/2"}],"replies":[{"embeddable":true,"href":"http:\/\/www.namnewsnetwork.org\/es\/index.php?rest_route=%2Fwp%2Fv2%2Fcomments&post=94540"}],"version-history":[{"count":1,"href":"http:\/\/www.namnewsnetwork.org\/es\/index.php?rest_route=\/wp\/v2\/posts\/94540\/revisions"}],"predecessor-version":[{"id":94548,"href":"http:\/\/www.namnewsnetwork.org\/es\/index.php?rest_route=\/wp\/v2\/posts\/94540\/revisions\/94548"}],"wp:featuredmedia":[{"embeddable":true,"href":"http:\/\/www.namnewsnetwork.org\/es\/index.php?rest_route=\/wp\/v2\/media\/94547"}],"wp:attachment":[{"href":"http:\/\/www.namnewsnetwork.org\/es\/index.php?rest_route=%2Fwp%2Fv2%2Fmedia&parent=94540"}],"wp:term":[{"taxonomy":"category","embeddable":true,"href":"http:\/\/www.namnewsnetwork.org\/es\/index.php?rest_route=%2Fwp%2Fv2%2Fcategories&post=94540"},{"taxonomy":"post_tag","embeddable":true,"href":"http:\/\/www.namnewsnetwork.org\/es\/index.php?rest_route=%2Fwp%2Fv2%2Ftags&post=94540"}],"curies":[{"name":"wp","href":"https:\/\/api.w.org\/{rel}","templated":true}]}}