{"id":8986,"date":"2019-03-25T12:51:12","date_gmt":"2019-03-25T04:51:12","guid":{"rendered":"http:\/\/www.namnewsnetwork.org\/es\/?p=8986"},"modified":"2019-03-25T12:51:13","modified_gmt":"2019-03-25T04:51:13","slug":"evo-asegura-que-bolivia-llegara-al-2025-con-menos-del-5-por-ciento-de-extrema-pobreza","status":"publish","type":"post","link":"http:\/\/www.namnewsnetwork.org\/es\/?p=8986","title":{"rendered":"Evo asegura que Bolivia llegar\u00e1 al 2025 con menos del 5 por ciento de extrema pobreza"},"content":{"rendered":"\n<p>LA PAZ, 25 de marzo (NNN-ABI) &#8212; El presidente de Bolivia, Evo Morales, asegur\u00f3 el domingo que su pa\u00eds llegar\u00e1 al 2025 con menos del 5% de extrema pobreza, al recordar que esa tarea es prioritaria en su gobierno y forma parte fundamental de la &#8220;Agenda del Bicentenario&#8221;.<\/p>\n\n\n\n<div class=\"wp-block-image\"><figure class=\"aligncenter\"><img src=\"http:\/\/www.namnewsnetwork.org\/es\/wp-content\/uploads\/2019\/03\/ABI.jpg\" alt=\"\" class=\"wp-image-8990\"\/><figcaption> El presidente de Bolivia, Evo Morales. Foto: ABI<\/figcaption><\/figure><\/div>\n\n\n\n<p>&#8220;Nos hemos planteado cero de pobreza al 2025 pero este \u00faltimo, el precio del petr\u00f3leo nos hizo vacilar, nos hizo el termino exacto como llegar al cero, pero estamos convencidos como llegar con otros programas sociales vamos a llegar a menos del 5 por ciento de extrema pobreza al Bicentenario, este plan est\u00e1 orientado con miras a los 200 a\u00f1os de fundaci\u00f3n de Bolivia&#8221;, dijo a los medios estatales. <\/p>\n\n\n\n<p>El jefe de Estado destac\u00f3 que entre 2006 y 2018 la pobreza extrema se redujo a m\u00e1s de la mitad, es decir, de 38% a 15%, por las pol\u00edticas de redistribuci\u00f3n de la riqueza implementados por su Gobierno.<\/p>\n\n\n\n<p>&#8220;La redistribuci\u00f3n de la riqueza nos ha permitido bajar la pobreza, ten\u00edamos el 2006 m\u00e1s de 38 por ciento de extrema pobreza y llegamos al a\u00f1o pasado a menos de 15 por ciento de extrema pobreza&#8221;, sustent\u00f3.<\/p>\n\n\n\n<p>Morales dijo que pidi\u00f3 a las organizaciones sociales propuestas para identificar los lugares o regiones donde existe extrema pobreza para reducir ese \u00edndice, adem\u00e1s, inst\u00f3 a debatir la extrema pobreza de las ciudades para cumplir esa meta planteada al 2025.   <\/p>\n\n\n\n<p>El presidente Evo Morales socializa los logros de su gesti\u00f3n y los nuevos proyectos para consolidar el desarrollo sostenido que ha tenido Bolivia en los \u00faltimos a\u00f1os, liderando el crecimiento econ\u00f3mico de la regi\u00f3n, en una entrevista con el Programa &#8220;El Pueblo es Noticia&#8221;, que se difunde por los medios estatales, y los 13 pilares de la Agenda del Bicentenario.<br>\n&#8212; NNN-ABI<\/p>\n","protected":false},"excerpt":{"rendered":"<p>LA PAZ, 25 de marzo (NNN-ABI) &#8212; El presidente de Bolivia, Evo Morales, asegur\u00f3 el domingo que su pa\u00eds llegar\u00e1 al 2025 con menos del 5% de extrema pobreza, al recordar que esa tarea es prioritaria en su gobierno y forma parte fundamental de la &#8220;Agenda del Bicentenario&#8221;. &#8220;Nos hemos planteado cero de pobreza al [&hellip;]<\/p>\n","protected":false},"author":2,"featured_media":0,"comment_status":"closed","ping_status":"closed","sticky":false,"template":"","format":"standard","meta":[],"categories":[215,277,211],"tags":[],"_links":{"self":[{"href":"http:\/\/www.namnewsnetwork.org\/es\/index.php?rest_route=\/wp\/v2\/posts\/8986"}],"collection":[{"href":"http:\/\/www.namnewsnetwork.org\/es\/index.php?rest_route=\/wp\/v2\/posts"}],"about":[{"href":"http:\/\/www.namnewsnetwork.org\/es\/index.php?rest_route=\/wp\/v2\/types\/post"}],"author":[{"embeddable":true,"href":"http:\/\/www.namnewsnetwork.org\/es\/index.php?rest_route=\/wp\/v2\/users\/2"}],"replies":[{"embeddable":true,"href":"http:\/\/www.namnewsnetwork.org\/es\/index.php?rest_route=%2Fwp%2Fv2%2Fcomments&post=8986"}],"version-history":[{"count":1,"href":"http:\/\/www.namnewsnetwork.org\/es\/index.php?rest_route=\/wp\/v2\/posts\/8986\/revisions"}],"predecessor-version":[{"id":8991,"href":"http:\/\/www.namnewsnetwork.org\/es\/index.php?rest_route=\/wp\/v2\/posts\/8986\/revisions\/8991"}],"wp:attachment":[{"href":"http:\/\/www.namnewsnetwork.org\/es\/index.php?rest_route=%2Fwp%2Fv2%2Fmedia&parent=8986"}],"wp:term":[{"taxonomy":"category","embeddable":true,"href":"http:\/\/www.namnewsnetwork.org\/es\/index.php?rest_route=%2Fwp%2Fv2%2Fcategories&post=8986"},{"taxonomy":"post_tag","embeddable":true,"href":"http:\/\/www.namnewsnetwork.org\/es\/index.php?rest_route=%2Fwp%2Fv2%2Ftags&post=8986"}],"curies":[{"name":"wp","href":"https:\/\/api.w.org\/{rel}","templated":true}]}}