{"id":88993,"date":"2023-05-23T20:41:29","date_gmt":"2023-05-23T12:41:29","guid":{"rendered":"http:\/\/www.namnewsnetwork.org\/es\/?p=88993"},"modified":"2023-05-23T20:41:29","modified_gmt":"2023-05-23T12:41:29","slug":"inauguran-la-49a-sesion-de-la-conferencia-arabe-del-trabajo","status":"publish","type":"post","link":"http:\/\/www.namnewsnetwork.org\/es\/?p=88993","title":{"rendered":"Inauguran la 49\u00aa sesi\u00f3n de la Conferencia \u00c1rabe del Trabajo"},"content":{"rendered":"\n<p>EL CAIRO, 23 may (NNN-SANA) &#8212; La 49\u00aa sesi\u00f3n de la Conferencia \u00c1rabe del Trabajo comenz\u00f3 el lunes en El Cairo con la participaci\u00f3n de ministros, jefes y miembros de delegaciones de organizaciones patronales y sindicales \u00e1rabes.<\/p>\n\n\n\n<p>La sesi\u00f3n de apertura dio la bienvenida a la participaci\u00f3n de la delegaci\u00f3n siria y al regreso de Siria a la Liga de los Estados \u00c1rabes.<\/p>\n\n\n\n<p>Al margen de la sesi\u00f3n de apertura, el jefe de la Federaci\u00f3n General de Sindicatos de Siria, Jamal Al-Qadri,fue elegido como jefe del equipo de trabajadores en la conferencia, as\u00ed como de los representantes del equipo de trabajadores en los \u00f3rganos de la Conferencia.<\/p>\n\n\n\n<p>El orden de esta sesi\u00f3n incluye la presentaci\u00f3n de las actividades y logros de la Organizaci\u00f3n durante la \u00faltima reuni\u00f3n, adem\u00e1s abordar\u00e1 las pol\u00edticas de educaci\u00f3n y formaci\u00f3n t\u00e9cnica y profesional a la luz de la transformaci\u00f3n digital y el futuro de la seguridad social en la regi\u00f3n \u00e1rabe.<br>&#8212; NNN-SANA<\/p>\n","protected":false},"excerpt":{"rendered":"<p>EL CAIRO, 23 may (NNN-SANA) &#8212; La 49\u00aa sesi\u00f3n de la Conferencia \u00c1rabe del Trabajo comenz\u00f3 el lunes en El Cairo con la participaci\u00f3n de ministros, jefes y miembros de delegaciones de organizaciones patronales y sindicales \u00e1rabes. La sesi\u00f3n de apertura dio la bienvenida a la participaci\u00f3n de la delegaci\u00f3n siria y al regreso de [&hellip;]<\/p>\n","protected":false},"author":2,"featured_media":89011,"comment_status":"closed","ping_status":"closed","sticky":false,"template":"","format":"standard","meta":[],"categories":[211,271,275],"tags":[],"_links":{"self":[{"href":"http:\/\/www.namnewsnetwork.org\/es\/index.php?rest_route=\/wp\/v2\/posts\/88993"}],"collection":[{"href":"http:\/\/www.namnewsnetwork.org\/es\/index.php?rest_route=\/wp\/v2\/posts"}],"about":[{"href":"http:\/\/www.namnewsnetwork.org\/es\/index.php?rest_route=\/wp\/v2\/types\/post"}],"author":[{"embeddable":true,"href":"http:\/\/www.namnewsnetwork.org\/es\/index.php?rest_route=\/wp\/v2\/users\/2"}],"replies":[{"embeddable":true,"href":"http:\/\/www.namnewsnetwork.org\/es\/index.php?rest_route=%2Fwp%2Fv2%2Fcomments&post=88993"}],"version-history":[{"count":1,"href":"http:\/\/www.namnewsnetwork.org\/es\/index.php?rest_route=\/wp\/v2\/posts\/88993\/revisions"}],"predecessor-version":[{"id":89012,"href":"http:\/\/www.namnewsnetwork.org\/es\/index.php?rest_route=\/wp\/v2\/posts\/88993\/revisions\/89012"}],"wp:featuredmedia":[{"embeddable":true,"href":"http:\/\/www.namnewsnetwork.org\/es\/index.php?rest_route=\/wp\/v2\/media\/89011"}],"wp:attachment":[{"href":"http:\/\/www.namnewsnetwork.org\/es\/index.php?rest_route=%2Fwp%2Fv2%2Fmedia&parent=88993"}],"wp:term":[{"taxonomy":"category","embeddable":true,"href":"http:\/\/www.namnewsnetwork.org\/es\/index.php?rest_route=%2Fwp%2Fv2%2Fcategories&post=88993"},{"taxonomy":"post_tag","embeddable":true,"href":"http:\/\/www.namnewsnetwork.org\/es\/index.php?rest_route=%2Fwp%2Fv2%2Ftags&post=88993"}],"curies":[{"name":"wp","href":"https:\/\/api.w.org\/{rel}","templated":true}]}}