{"id":88920,"date":"2023-05-22T17:33:45","date_gmt":"2023-05-22T09:33:45","guid":{"rendered":"http:\/\/www.namnewsnetwork.org\/es\/?p=88920"},"modified":"2023-05-22T17:33:47","modified_gmt":"2023-05-22T09:33:47","slug":"siria-y-tunez-abogan-por-desarrollar-relaciones-en-el-campo-de-obras-publicas","status":"publish","type":"post","link":"http:\/\/www.namnewsnetwork.org\/es\/?p=88920","title":{"rendered":"Siria y T\u00fanez abogan por desarrollar relaciones en el campo de obras p\u00fablicas"},"content":{"rendered":"\n<p>ARGEL, 22 may (NNN-SANA) &#8212; El ministro de Obras P\u00fablicas y Vivienda de Siria, Suhail Abdulatif, y de T\u00fanez, Sara Al-Zaafrani Al-Zanzri, estudiaron los medios para fortalecer la cooperaci\u00f3n entre los dos pa\u00edses.<\/p>\n\n\n\n<p>La reuni\u00f3n entre los dos ministerios tuvo lugar el domingo al margen del Foro Cient\u00edfico y T\u00e9cnico celebrado actualmente en la Rep\u00fablica Popular de Argelia.<\/p>\n\n\n\n<p>Las dos partes examinaron el desarrollo de la relaci\u00f3n bilateral para los sectores de obras p\u00fablicas, vivienda y equipamiento entre los dos pa\u00edses.<\/p>\n\n\n\n<p>Es de se\u00f1alar que el Foro inici\u00f3 el s\u00e1bado con la participaci\u00f3n de Siria, y concluy\u00f3 el domingo con un taller de recomendaciones relacionadas con la prevenci\u00f3n de los terremotos y afrontar sus consecuencias.<br>&#8212; NNN-SANA<\/p>\n","protected":false},"excerpt":{"rendered":"<p>ARGEL, 22 may (NNN-SANA) &#8212; El ministro de Obras P\u00fablicas y Vivienda de Siria, Suhail Abdulatif, y de T\u00fanez, Sara Al-Zaafrani Al-Zanzri, estudiaron los medios para fortalecer la cooperaci\u00f3n entre los dos pa\u00edses. La reuni\u00f3n entre los dos ministerios tuvo lugar el domingo al margen del Foro Cient\u00edfico y T\u00e9cnico celebrado actualmente en la Rep\u00fablica [&hellip;]<\/p>\n","protected":false},"author":2,"featured_media":88939,"comment_status":"closed","ping_status":"closed","sticky":false,"template":"","format":"standard","meta":[],"categories":[211,271,275],"tags":[],"_links":{"self":[{"href":"http:\/\/www.namnewsnetwork.org\/es\/index.php?rest_route=\/wp\/v2\/posts\/88920"}],"collection":[{"href":"http:\/\/www.namnewsnetwork.org\/es\/index.php?rest_route=\/wp\/v2\/posts"}],"about":[{"href":"http:\/\/www.namnewsnetwork.org\/es\/index.php?rest_route=\/wp\/v2\/types\/post"}],"author":[{"embeddable":true,"href":"http:\/\/www.namnewsnetwork.org\/es\/index.php?rest_route=\/wp\/v2\/users\/2"}],"replies":[{"embeddable":true,"href":"http:\/\/www.namnewsnetwork.org\/es\/index.php?rest_route=%2Fwp%2Fv2%2Fcomments&post=88920"}],"version-history":[{"count":1,"href":"http:\/\/www.namnewsnetwork.org\/es\/index.php?rest_route=\/wp\/v2\/posts\/88920\/revisions"}],"predecessor-version":[{"id":88940,"href":"http:\/\/www.namnewsnetwork.org\/es\/index.php?rest_route=\/wp\/v2\/posts\/88920\/revisions\/88940"}],"wp:featuredmedia":[{"embeddable":true,"href":"http:\/\/www.namnewsnetwork.org\/es\/index.php?rest_route=\/wp\/v2\/media\/88939"}],"wp:attachment":[{"href":"http:\/\/www.namnewsnetwork.org\/es\/index.php?rest_route=%2Fwp%2Fv2%2Fmedia&parent=88920"}],"wp:term":[{"taxonomy":"category","embeddable":true,"href":"http:\/\/www.namnewsnetwork.org\/es\/index.php?rest_route=%2Fwp%2Fv2%2Fcategories&post=88920"},{"taxonomy":"post_tag","embeddable":true,"href":"http:\/\/www.namnewsnetwork.org\/es\/index.php?rest_route=%2Fwp%2Fv2%2Ftags&post=88920"}],"curies":[{"name":"wp","href":"https:\/\/api.w.org\/{rel}","templated":true}]}}