{"id":88875,"date":"2023-05-21T23:49:28","date_gmt":"2023-05-21T15:49:28","guid":{"rendered":"http:\/\/www.namnewsnetwork.org\/es\/?p=88875"},"modified":"2023-05-21T23:49:29","modified_gmt":"2023-05-21T15:49:29","slug":"hamas-alerta-de-peligros-de-visita-de-ben-gvir-a-explanada-de-mezquitas","status":"publish","type":"post","link":"http:\/\/www.namnewsnetwork.org\/es\/?p=88875","title":{"rendered":"HAMAS alerta de peligros de visita de Ben Gvir a Explanada de Mezquitas"},"content":{"rendered":"\n<p>GAZA, 21 may (NNN-HISPANTV) &#8212; HAMAS condena la nueva irrupci\u00f3n de Ben Gvir, extremista ministro de seguridad israel\u00ed, a la Explanada de Mezquitas en Al-Quds (Jerusal\u00e9n).<\/p>\n\n\n\n<p>Acompa\u00f1ado por una comitiva que incluy\u00f3 al jefe de la polic\u00eda israel\u00ed y algunas figuras religiosas, Ben Gvir ha irrumpido el domingo de nuevo en la Explanada de las Mezquitas en la ocupada ciudad de Al-Quds, que alberga la Mezquita Al-Aqsa, para reclamar \u201cel control\u201d del r\u00e9gimen de Israel sobre el lugar.<\/p>\n\n\n\n<p>Muhamad Hamadeh, portavoz del Movimiento de Resistencia Isl\u00e1mica de Palestina (HAMAS), ha advertido de los graves peligros que enfrenta la Mezquita Al-Aqsa con la extrema derecha al frente del gabinete israel\u00ed.<\/p>\n\n\n\n<p>Todas las consecuencias de esta medida \u201cson responsabilidad de los ocupantes, y pedimos a todos los sectores del pueblo palestino en Al-Quds, Cisjordania y los territorios ocupados en 1948, que derroten los intentos de profanar y judaizar [el recinto sagrado] con una gran presencia en la Mezquita Al-Aqsa\u201d, ha enfatizado.<\/p>\n\n\n\n<p>A su vez, el portavoz de la Presidencia palestina, Nabil Abu Rudeina, al advertir sobre las peligrosas consecuencias de las acciones del ministro israel\u00ed, ha dicho que el ataque de Ben Gvir tiene como objetivo cambiar el statu quo de la Mezquita Al-Aqsa. \u201cEs un intento fallido\u201d, ha agregado.<\/p>\n\n\n\n<p>Ben Gvir desafi\u00f3 las advertencias de la Resistencia palestina y realiz\u00f3 en enero una pol\u00e9mica visita a la Explanada de las Mezquitas en Al-Quds, aumentando las tensiones y provocando reacciones en el escenario internacional.<\/p>\n\n\n\n<p>El jueves tambi\u00e9n m\u00e1s de 400 extremistas, ondeando las banderas israel\u00edes, realizaron una provocadora marcha que consiste en un recorrido por la Ciudad Vieja de Al-Quds hasta llegar a la Explanada de las Mezquitas, destinada a recordar la ocupaci\u00f3n israel\u00ed del territorio palestino en 1967, hecho no reconocido internacionalmente.<\/p>\n\n\n\n<p>Mientras tanto, Palestina y los grupos de Resistencia siguen alertando de la amenaza del estallido de una \u201cguerra religiosa\u201d debido a las provocaciones de los israel\u00edes.<\/p>\n\n\n\n<p>Asimismo, seg\u00fan algunos expertos, las visitas de Ben Gvir a la Mezquita Al-Aqsa podr\u00edan desencadenar la tercera intifada (levantamiento).<br>&#8212; NNN-HISPANTV<\/p>\n","protected":false},"excerpt":{"rendered":"<p>GAZA, 21 may (NNN-HISPANTV) &#8212; HAMAS condena la nueva irrupci\u00f3n de Ben Gvir, extremista ministro de seguridad israel\u00ed, a la Explanada de Mezquitas en Al-Quds (Jerusal\u00e9n). Acompa\u00f1ado por una comitiva que incluy\u00f3 al jefe de la polic\u00eda israel\u00ed y algunas figuras religiosas, Ben Gvir ha irrumpido el domingo de nuevo en la Explanada de las [&hellip;]<\/p>\n","protected":false},"author":2,"featured_media":88896,"comment_status":"closed","ping_status":"closed","sticky":false,"template":"","format":"standard","meta":[],"categories":[211,271,275,197],"tags":[],"_links":{"self":[{"href":"http:\/\/www.namnewsnetwork.org\/es\/index.php?rest_route=\/wp\/v2\/posts\/88875"}],"collection":[{"href":"http:\/\/www.namnewsnetwork.org\/es\/index.php?rest_route=\/wp\/v2\/posts"}],"about":[{"href":"http:\/\/www.namnewsnetwork.org\/es\/index.php?rest_route=\/wp\/v2\/types\/post"}],"author":[{"embeddable":true,"href":"http:\/\/www.namnewsnetwork.org\/es\/index.php?rest_route=\/wp\/v2\/users\/2"}],"replies":[{"embeddable":true,"href":"http:\/\/www.namnewsnetwork.org\/es\/index.php?rest_route=%2Fwp%2Fv2%2Fcomments&post=88875"}],"version-history":[{"count":1,"href":"http:\/\/www.namnewsnetwork.org\/es\/index.php?rest_route=\/wp\/v2\/posts\/88875\/revisions"}],"predecessor-version":[{"id":88897,"href":"http:\/\/www.namnewsnetwork.org\/es\/index.php?rest_route=\/wp\/v2\/posts\/88875\/revisions\/88897"}],"wp:featuredmedia":[{"embeddable":true,"href":"http:\/\/www.namnewsnetwork.org\/es\/index.php?rest_route=\/wp\/v2\/media\/88896"}],"wp:attachment":[{"href":"http:\/\/www.namnewsnetwork.org\/es\/index.php?rest_route=%2Fwp%2Fv2%2Fmedia&parent=88875"}],"wp:term":[{"taxonomy":"category","embeddable":true,"href":"http:\/\/www.namnewsnetwork.org\/es\/index.php?rest_route=%2Fwp%2Fv2%2Fcategories&post=88875"},{"taxonomy":"post_tag","embeddable":true,"href":"http:\/\/www.namnewsnetwork.org\/es\/index.php?rest_route=%2Fwp%2Fv2%2Ftags&post=88875"}],"curies":[{"name":"wp","href":"https:\/\/api.w.org\/{rel}","templated":true}]}}