{"id":88817,"date":"2023-05-20T23:52:33","date_gmt":"2023-05-20T15:52:33","guid":{"rendered":"http:\/\/www.namnewsnetwork.org\/es\/?p=88817"},"modified":"2023-05-20T23:52:34","modified_gmt":"2023-05-20T15:52:34","slug":"aumentan-los-brotes-de-colera-en-africa-en-2023-informa-la-oms","status":"publish","type":"post","link":"http:\/\/www.namnewsnetwork.org\/es\/?p=88817","title":{"rendered":"Aumentan los brotes de c\u00f3lera en \u00c1frica en 2023, informa la OMS"},"content":{"rendered":"\n<p>GINEBRA, 20 may (NNN-CUBADEBATE) &#8212; Problemas de acceso a agua potable y saneamiento b\u00e1sico resultan la causa principal de las epidemias de c\u00f3lera, agravadas por los conflictos y movimientos de personas que implican.<\/p>\n\n\n\n<div class=\"wp-block-image\"><figure class=\"alignleft size-full\"><img loading=\"lazy\" width=\"418\" height=\"236\" src=\"http:\/\/www.namnewsnetwork.org\/es\/wp-content\/uploads\/2023\/05\/Africa-mas-golpeada-por-el-colera-en-2023-informa-OMS.png\" alt=\"\" class=\"wp-image-88856\" srcset=\"http:\/\/www.namnewsnetwork.org\/es\/wp-content\/uploads\/2023\/05\/Africa-mas-golpeada-por-el-colera-en-2023-informa-OMS.png 418w, http:\/\/www.namnewsnetwork.org\/es\/wp-content\/uploads\/2023\/05\/Africa-mas-golpeada-por-el-colera-en-2023-informa-OMS-300x169.png 300w\" sizes=\"(max-width: 418px) 100vw, 418px\" \/><figcaption><em><sup>Foto: WHO<\/sup><\/em><\/figcaption><\/figure><\/div>\n\n\n\n<p>La Organizaci\u00f3n Mundial de la Salud (OMS) alert\u00f3 el viernes de un aumento en el 2023 de los brotes de c\u00f3lera, con una elevada tasa de mortalidad, principalmente en el este y sur de \u00c1frica.<\/p>\n\n\n\n<p>El director de la OMS para la respuesta global al c\u00f3lera, Henry Gray, precis\u00f3 que, desde enero y hasta mediados de mayo se observaron nuevos brotes de c\u00f3lera en 24 pa\u00edses y que m\u00e1s de 1.000 millones de personas en 43 naciones est\u00e1n en riesgo epid\u00e9mico.<\/p>\n\n\n\n<p>&#8220;Se trata de resolver cuestiones de acceso al agua, de higiene y de dignidad como seres humanos. La vacuna puede ayudar a detener la cadena de transmisi\u00f3n, como preventivo, pero la base de todo es garantizar el acceso al agua y al saneamiento r\u00e1pidamente&#8221;, asever\u00f3 Gray.<\/p>\n\n\n\n<p>La OMS se\u00f1al\u00f3 que los recursos para enfrentar la situaci\u00f3n resultan insuficientes, as\u00ed como la producci\u00f3n de vacunas, lo que solo permite inmunizar, parcialmente, a comunidades de mayor riesgo. De las 18 millones de dosis que son necesarias, solo hay ocho; lo que implic\u00f3 la interrupci\u00f3n de las campa\u00f1as de prevenci\u00f3n en lugares de alto riesgo.<\/p>\n\n\n\n<p>Adem\u00e1s, la OMS ha tenido que reducir de dos a una las dosis administradas con el objetivo de proteger a m\u00e1s personas entre aquellas que est\u00e1n en mayor riesgo de morir, como los ni\u00f1os.<\/p>\n\n\n\n<p>En ese sentido, la OMS y el Fondo de las Naciones Unidas para la Infancia (Unicef) presentaron un plan conjunto anual de respuesta a la enfermedad, el cual cubrir\u00e1 acciones en 40 pa\u00edses y para el que se requieren m\u00e1s de 600 millones de d\u00f3lares.<\/p>\n\n\n\n<p>Se conoci\u00f3 que los casos m\u00e1s graves en la actualidad son los de Mozambique y Malaui, donde la enfermedad afect\u00f3 a unas 90.000 personas en el primer trimestre del 2023, lo que coincidi\u00f3 con graves inundaciones. Adem\u00e1s, en situaci\u00f3n de &#8220;crisis aguda&#8221; se encuentran otros diez pa\u00edses africanos y Siria.<br>&#8212; NNN-CUBADEBATE<\/p>\n","protected":false},"excerpt":{"rendered":"<p>GINEBRA, 20 may (NNN-CUBADEBATE) &#8212; Problemas de acceso a agua potable y saneamiento b\u00e1sico resultan la causa principal de las epidemias de c\u00f3lera, agravadas por los conflictos y movimientos de personas que implican. La Organizaci\u00f3n Mundial de la Salud (OMS) alert\u00f3 el viernes de un aumento en el 2023 de los brotes de c\u00f3lera, con [&hellip;]<\/p>\n","protected":false},"author":2,"featured_media":88856,"comment_status":"closed","ping_status":"closed","sticky":false,"template":"","format":"standard","meta":[],"categories":[217,276,211,198],"tags":[],"_links":{"self":[{"href":"http:\/\/www.namnewsnetwork.org\/es\/index.php?rest_route=\/wp\/v2\/posts\/88817"}],"collection":[{"href":"http:\/\/www.namnewsnetwork.org\/es\/index.php?rest_route=\/wp\/v2\/posts"}],"about":[{"href":"http:\/\/www.namnewsnetwork.org\/es\/index.php?rest_route=\/wp\/v2\/types\/post"}],"author":[{"embeddable":true,"href":"http:\/\/www.namnewsnetwork.org\/es\/index.php?rest_route=\/wp\/v2\/users\/2"}],"replies":[{"embeddable":true,"href":"http:\/\/www.namnewsnetwork.org\/es\/index.php?rest_route=%2Fwp%2Fv2%2Fcomments&post=88817"}],"version-history":[{"count":1,"href":"http:\/\/www.namnewsnetwork.org\/es\/index.php?rest_route=\/wp\/v2\/posts\/88817\/revisions"}],"predecessor-version":[{"id":88857,"href":"http:\/\/www.namnewsnetwork.org\/es\/index.php?rest_route=\/wp\/v2\/posts\/88817\/revisions\/88857"}],"wp:featuredmedia":[{"embeddable":true,"href":"http:\/\/www.namnewsnetwork.org\/es\/index.php?rest_route=\/wp\/v2\/media\/88856"}],"wp:attachment":[{"href":"http:\/\/www.namnewsnetwork.org\/es\/index.php?rest_route=%2Fwp%2Fv2%2Fmedia&parent=88817"}],"wp:term":[{"taxonomy":"category","embeddable":true,"href":"http:\/\/www.namnewsnetwork.org\/es\/index.php?rest_route=%2Fwp%2Fv2%2Fcategories&post=88817"},{"taxonomy":"post_tag","embeddable":true,"href":"http:\/\/www.namnewsnetwork.org\/es\/index.php?rest_route=%2Fwp%2Fv2%2Ftags&post=88817"}],"curies":[{"name":"wp","href":"https:\/\/api.w.org\/{rel}","templated":true}]}}