{"id":88814,"date":"2023-05-20T23:49:58","date_gmt":"2023-05-20T15:49:58","guid":{"rendered":"http:\/\/www.namnewsnetwork.org\/es\/?p=88814"},"modified":"2023-05-20T23:49:59","modified_gmt":"2023-05-20T15:49:59","slug":"comienza-la-32a-cumbre-de-la-liga-arabe-en-arabia-saudi","status":"publish","type":"post","link":"http:\/\/www.namnewsnetwork.org\/es\/?p=88814","title":{"rendered":"Comienza la 32\u00aa Cumbre de la Liga \u00c1rabe en Arabia Saud\u00ed"},"content":{"rendered":"\n<p>YEDA, 20 may (NNN-XINHUA) &#8212; La 32\u00aa Cumbre de la Liga \u00c1rabe comenz\u00f3 el viernes en la ciudad de Yeda, en Arabia Saud\u00ed, con el fin de discutir varios asuntos regionales e internacionales que son vitales para la estabilidad de la regi\u00f3n.<\/p>\n\n\n\n<div class=\"wp-block-image\"><figure class=\"aligncenter size-full is-resized\"><img loading=\"lazy\" src=\"http:\/\/www.namnewsnetwork.org\/es\/wp-content\/uploads\/2023\/05\/Inicia-Cumbre-Arabe.jpg\" alt=\"\" class=\"wp-image-88852\" width=\"543\" height=\"272\" srcset=\"http:\/\/www.namnewsnetwork.org\/es\/wp-content\/uploads\/2023\/05\/Inicia-Cumbre-Arabe.jpg 471w, http:\/\/www.namnewsnetwork.org\/es\/wp-content\/uploads\/2023\/05\/Inicia-Cumbre-Arabe-300x150.jpg 300w\" sizes=\"(max-width: 543px) 100vw, 543px\" \/><figcaption><em><sup>Foto: sana.sy<\/sup><\/em><\/figcaption><\/figure><\/div>\n\n\n\n<p>El presidente sirio, Bashar al-Assad, asisti\u00f3 a la cumbre por primera vez desde que su pa\u00eds fue suspendido de la Liga \u00c1rabe tras el estallido de la guerra civil siria en 2011.<\/p>\n\n\n\n<p>La readmisi\u00f3n de Siria al organismo pan\u00e1rabe, el conflicto en curso en Sud\u00e1n y el conflicto israel\u00ed-palestino encabezar\u00e1n la agenda de la cumbre.<br>&#8212; NNN-XINHUA<\/p>\n","protected":false},"excerpt":{"rendered":"<p>YEDA, 20 may (NNN-XINHUA) &#8212; La 32\u00aa Cumbre de la Liga \u00c1rabe comenz\u00f3 el viernes en la ciudad de Yeda, en Arabia Saud\u00ed, con el fin de discutir varios asuntos regionales e internacionales que son vitales para la estabilidad de la regi\u00f3n. El presidente sirio, Bashar al-Assad, asisti\u00f3 a la cumbre por primera vez desde [&hellip;]<\/p>\n","protected":false},"author":2,"featured_media":88852,"comment_status":"closed","ping_status":"closed","sticky":false,"template":"","format":"standard","meta":[],"categories":[211,271,275],"tags":[],"_links":{"self":[{"href":"http:\/\/www.namnewsnetwork.org\/es\/index.php?rest_route=\/wp\/v2\/posts\/88814"}],"collection":[{"href":"http:\/\/www.namnewsnetwork.org\/es\/index.php?rest_route=\/wp\/v2\/posts"}],"about":[{"href":"http:\/\/www.namnewsnetwork.org\/es\/index.php?rest_route=\/wp\/v2\/types\/post"}],"author":[{"embeddable":true,"href":"http:\/\/www.namnewsnetwork.org\/es\/index.php?rest_route=\/wp\/v2\/users\/2"}],"replies":[{"embeddable":true,"href":"http:\/\/www.namnewsnetwork.org\/es\/index.php?rest_route=%2Fwp%2Fv2%2Fcomments&post=88814"}],"version-history":[{"count":1,"href":"http:\/\/www.namnewsnetwork.org\/es\/index.php?rest_route=\/wp\/v2\/posts\/88814\/revisions"}],"predecessor-version":[{"id":88853,"href":"http:\/\/www.namnewsnetwork.org\/es\/index.php?rest_route=\/wp\/v2\/posts\/88814\/revisions\/88853"}],"wp:featuredmedia":[{"embeddable":true,"href":"http:\/\/www.namnewsnetwork.org\/es\/index.php?rest_route=\/wp\/v2\/media\/88852"}],"wp:attachment":[{"href":"http:\/\/www.namnewsnetwork.org\/es\/index.php?rest_route=%2Fwp%2Fv2%2Fmedia&parent=88814"}],"wp:term":[{"taxonomy":"category","embeddable":true,"href":"http:\/\/www.namnewsnetwork.org\/es\/index.php?rest_route=%2Fwp%2Fv2%2Fcategories&post=88814"},{"taxonomy":"post_tag","embeddable":true,"href":"http:\/\/www.namnewsnetwork.org\/es\/index.php?rest_route=%2Fwp%2Fv2%2Ftags&post=88814"}],"curies":[{"name":"wp","href":"https:\/\/api.w.org\/{rel}","templated":true}]}}