{"id":88771,"date":"2023-05-19T17:55:00","date_gmt":"2023-05-19T09:55:00","guid":{"rendered":"http:\/\/www.namnewsnetwork.org\/es\/?p=88771"},"modified":"2023-05-19T17:24:34","modified_gmt":"2023-05-19T09:24:34","slug":"miles-de-palestinos-se-manifiestan-contra-la-marcha-de-la-bandera-israeli","status":"publish","type":"post","link":"http:\/\/www.namnewsnetwork.org\/es\/?p=88771","title":{"rendered":"Miles de palestinos se manifiestan contra la \u201cmarcha de la bandera\u201d israel\u00ed"},"content":{"rendered":"\n<p>GAZA, 19 may (NNN-HISPANTV) &#8212; Desde Gaza hasta Al-Quds, miles de los palestinos participan en el acto de izar la bandera palestina en respuesta a la llamada \u201cmarcha de la bandera\u201d israel\u00ed.<\/p>\n\n\n\n<p>Miles de palestinos se dirigen al muro de separaci\u00f3n en la frontera de la Franja de Gaza con los territorios ocupados por Israel para manifestarse contra la \u201cmarcha de la bandera\u201d organizada por los grupos de colonos extremistas israel\u00edes en Al-Quds (Jerusal\u00e9n) el jueves.<\/p>\n\n\n\n<p>No obstante, estallaron enfrentamientos entre j\u00f3venes palestinos y las fuerzas de ocupaci\u00f3n israel\u00edes cerca de la valla en la frontera oriental de la ciudad de Gaza y las tropas israel\u00edes atacaron a los manifestantes y los periodistas disparando bombas lacrim\u00f3genas y balas reales.<\/p>\n\n\n\n<p>Seg\u00fan el corresponsal de la cadena libanesa Al Mayadeen, 4 manifestantes palestinos resultaron heridos, uno de los cuales recibi\u00f3 balas reales, y 3 resultaron heridos con gases lacrim\u00f3genos, como resultado del ataque de las fuerzas israel\u00edes.<\/p>\n\n\n\n<p>Adem\u00e1s de Gaza, los palestinos realizaron marchas en varias ciudades palestinas en apoyo a la Al-Quds ocupada y en rechazo a la \u201cmarcha de la bandera\u201d israel\u00ed.<\/p>\n\n\n\n<p>Las fuerzas israel\u00edes arrestan a 8 palestinos, incluida una mujer, que izaron la bandera palestina en la Al-Quds ocupada, seg\u00fan el corresponsal del medio liban\u00e9s.<\/p>\n\n\n\n<p>La llamada \u2018marcha de la bandera\u2019 israel\u00ed organizada el jueves es un controvertido acto que consiste en un recorrido por cientos de colonos extremistas que izan banderas israel\u00edes por barrios de la Ciudad Vieja de Al-Quds hasta llegar a la Explanada de las Mezquitas, el tercer lugar sagrado de los musulmanes y est\u00e1 destinada a celebrar la ocupaci\u00f3n israel\u00ed de Al-Quds Este en 1967, hecho no reconocido internacionalmente.<\/p>\n\n\n\n<p>La marcha israel\u00ed se desarrolla en medio de un gran estado de alerta por parte del r\u00e9gimen israel\u00ed, por temor a la puesta en marcha de operaciones por parte de los combatientes de la Resistencia palestina.<\/p>\n\n\n\n<p>El jefe de la direcci\u00f3n pol\u00edtica del Movimiento de Resistencia Isl\u00e1mica de Palestina (HAMAS), Ismail Haniya, ratific\u00f3 que la movilizaci\u00f3n de la entidad israel\u00ed de norte a sur para brindar resguardo a la marcha israel\u00ed \u201crefleja la fragilidad de seguridad\u201d que vive Israel.<\/p>\n\n\n\n<p>Haniya enfatiz\u00f3 que el cierre de la Ciudad Vieja de Al-Quds \u201crefleja el temor de los colonos a la firmeza de nuestro pueblo\u201d en la ciudad ocupada, indicando que las temporadas de confrontaci\u00f3n con el enemigo contin\u00faan, y el pueblo palestino acabar\u00e1 con el conflicto solo liberando su tierra.<\/p>\n\n\n\n<p>\u201cLa bandera de Palestina que ondea sobre nuestra tierra consolida la identidad de la patria y sus leg\u00edtimos due\u00f1os\u201d, remarc\u00f3.<\/p>\n\n\n\n<p>El portavoz de la Presidencia palestina, Nabil Abu Rudeina, asegur\u00f3 el mi\u00e9rcoles que Al-Quds es la capital palestina y lo ser\u00e1 para siempre y avis\u00f3 que la \u201cprovocativa\u201d marcha israel\u00ed s\u00f3lo detonar\u00eda la tensi\u00f3n, cuando pasan s\u00f3lo unos d\u00edas tras el inicio de un alto el fuego que puso fin a cinco d\u00edas de brutales agresiones israel\u00edes a la Franja de Gaza, respondidas por grupos palestinos con cientos de misiles.<br>&#8212; NNN-HISPANTV<\/p>\n","protected":false},"excerpt":{"rendered":"<p>GAZA, 19 may (NNN-HISPANTV) &#8212; Desde Gaza hasta Al-Quds, miles de los palestinos participan en el acto de izar la bandera palestina en respuesta a la llamada \u201cmarcha de la bandera\u201d israel\u00ed. Miles de palestinos se dirigen al muro de separaci\u00f3n en la frontera de la Franja de Gaza con los territorios ocupados por Israel [&hellip;]<\/p>\n","protected":false},"author":2,"featured_media":88789,"comment_status":"closed","ping_status":"closed","sticky":false,"template":"","format":"standard","meta":[],"categories":[211,271,275,197],"tags":[],"_links":{"self":[{"href":"http:\/\/www.namnewsnetwork.org\/es\/index.php?rest_route=\/wp\/v2\/posts\/88771"}],"collection":[{"href":"http:\/\/www.namnewsnetwork.org\/es\/index.php?rest_route=\/wp\/v2\/posts"}],"about":[{"href":"http:\/\/www.namnewsnetwork.org\/es\/index.php?rest_route=\/wp\/v2\/types\/post"}],"author":[{"embeddable":true,"href":"http:\/\/www.namnewsnetwork.org\/es\/index.php?rest_route=\/wp\/v2\/users\/2"}],"replies":[{"embeddable":true,"href":"http:\/\/www.namnewsnetwork.org\/es\/index.php?rest_route=%2Fwp%2Fv2%2Fcomments&post=88771"}],"version-history":[{"count":1,"href":"http:\/\/www.namnewsnetwork.org\/es\/index.php?rest_route=\/wp\/v2\/posts\/88771\/revisions"}],"predecessor-version":[{"id":88790,"href":"http:\/\/www.namnewsnetwork.org\/es\/index.php?rest_route=\/wp\/v2\/posts\/88771\/revisions\/88790"}],"wp:featuredmedia":[{"embeddable":true,"href":"http:\/\/www.namnewsnetwork.org\/es\/index.php?rest_route=\/wp\/v2\/media\/88789"}],"wp:attachment":[{"href":"http:\/\/www.namnewsnetwork.org\/es\/index.php?rest_route=%2Fwp%2Fv2%2Fmedia&parent=88771"}],"wp:term":[{"taxonomy":"category","embeddable":true,"href":"http:\/\/www.namnewsnetwork.org\/es\/index.php?rest_route=%2Fwp%2Fv2%2Fcategories&post=88771"},{"taxonomy":"post_tag","embeddable":true,"href":"http:\/\/www.namnewsnetwork.org\/es\/index.php?rest_route=%2Fwp%2Fv2%2Ftags&post=88771"}],"curies":[{"name":"wp","href":"https:\/\/api.w.org\/{rel}","templated":true}]}}