{"id":88765,"date":"2023-05-19T17:18:28","date_gmt":"2023-05-19T09:18:28","guid":{"rendered":"http:\/\/www.namnewsnetwork.org\/es\/?p=88765"},"modified":"2023-05-19T17:18:28","modified_gmt":"2023-05-19T09:18:28","slug":"presidente-de-siria-llega-a-arabia-saudita-para-cumbre-arabe","status":"publish","type":"post","link":"http:\/\/www.namnewsnetwork.org\/es\/?p=88765","title":{"rendered":"Presidente de Siria llega a Arabia Saudita para cumbre \u00e1rabe"},"content":{"rendered":"\n<p>RIAD, 19 may (NNN-TELESUR) &#8212; El Ministerio de Informaci\u00f3n de Siria confirm\u00f3 el jueves que el presidente de Siria, Bashar Al-Assad, arrib\u00f3 a la ciudad de Yedah en Arabia Saudita, para participar en la trig\u00e9simo segunda reuni\u00f3n del Consejo de la Liga \u00c1rabe.<\/p>\n\n\n\n<div class=\"wp-block-image\"><figure class=\"alignleft size-full\"><img loading=\"lazy\" width=\"416\" height=\"235\" src=\"http:\/\/www.namnewsnetwork.org\/es\/wp-content\/uploads\/2023\/05\/Presidente-sirio-llega-a-Arabia-Saudita-para-cumbre-arabe.jpg\" alt=\"\" class=\"wp-image-88784\" srcset=\"http:\/\/www.namnewsnetwork.org\/es\/wp-content\/uploads\/2023\/05\/Presidente-sirio-llega-a-Arabia-Saudita-para-cumbre-arabe.jpg 416w, http:\/\/www.namnewsnetwork.org\/es\/wp-content\/uploads\/2023\/05\/Presidente-sirio-llega-a-Arabia-Saudita-para-cumbre-arabe-300x169.jpg 300w\" sizes=\"(max-width: 416px) 100vw, 416px\" \/><figcaption><em><sup>Foto: @moi_syria1<\/sup><\/em><\/figcaption><\/figure><\/div>\n\n\n\n<p>El mandatario, quien se reunir\u00e1 con otras personalidades en el encuentro que acontecer\u00e1 el viernes 19 de mayo, fue recibido en el Aeropuerto Internacional Rey Abdulaziz en Yedah por el vicegobernador de la regi\u00f3n de La Meca, el pr\u00edncipe Badr bin Sultan bin Abdulaziz.<\/p>\n\n\n\n<p>Tambi\u00e9n estuvo presente en la llegada el secretario general de la Liga de Estados \u00c1rabes, Ahmed Aboul Gheit; el secretario de la Gobernaci\u00f3n de Yedah, Saleh bin Ali Al-Turki; el director de polic\u00eda de la Regi\u00f3n de La Meca el mayor general Saleh Al-Jabri y el subsecretario de Protocolos Reales, Fahd Al-Sahil.<\/p>\n\n\n\n<p>El ministerio sirio refiri\u00f3 que \u201cen la ciudad de Jeddah se desarrolla un intenso movimiento organizativo, que va desde adornar las calles con las banderas de los pa\u00edses \u00e1rabes que participan en los trabajos de la cumbre, hasta tomar estrictas medidas de seguridad propias de este importante evento, adem\u00e1s de preparar todos los asuntos t\u00e9cnicos y log\u00edsticos para la sede de la cumbre y su centro de prensa\u201d.<\/p>\n\n\n\n<p>El pasado 10 de mayo Bashar Al-Assad recibi\u00f3 invitaci\u00f3n del rey de Arabia Saudita, Salman bin Abdulaziz Al Saud, para asistir a la 32 cumbre de la Liga \u00c1rabe.<\/p>\n\n\n\n<p>\u201cEl presidente Bashar al-Assad recibe una invitaci\u00f3n del Custodio de las Dos Mezquitas Sagradas, el rey Salman bin Abdulaziz, para participar en la trig\u00e9sima segunda sesi\u00f3n de la reuni\u00f3n del Consejo de la Liga \u00c1rabe a nivel de cumbre, que se llevar\u00e1 a cabo en Jeda el 19 de mayo\u201d, puntualiz\u00f3 el ente.<\/p>\n\n\n\n<p>Tras 12 a\u00f1os de estar ausente de este organismo regional, los cancilleres \u00e1rabes reunidos el pasado 7 de mayo en El Cairo, capital de Egipto, tomaron la decisi\u00f3n de readmitir a Siria como integrante en la Liga \u00c1rabe.<br>&#8212; NNN-TELESUR<\/p>\n","protected":false},"excerpt":{"rendered":"<p>RIAD, 19 may (NNN-TELESUR) &#8212; El Ministerio de Informaci\u00f3n de Siria confirm\u00f3 el jueves que el presidente de Siria, Bashar Al-Assad, arrib\u00f3 a la ciudad de Yedah en Arabia Saudita, para participar en la trig\u00e9simo segunda reuni\u00f3n del Consejo de la Liga \u00c1rabe. El mandatario, quien se reunir\u00e1 con otras personalidades en el encuentro que [&hellip;]<\/p>\n","protected":false},"author":2,"featured_media":88784,"comment_status":"closed","ping_status":"closed","sticky":false,"template":"","format":"standard","meta":[],"categories":[211,271,275],"tags":[],"_links":{"self":[{"href":"http:\/\/www.namnewsnetwork.org\/es\/index.php?rest_route=\/wp\/v2\/posts\/88765"}],"collection":[{"href":"http:\/\/www.namnewsnetwork.org\/es\/index.php?rest_route=\/wp\/v2\/posts"}],"about":[{"href":"http:\/\/www.namnewsnetwork.org\/es\/index.php?rest_route=\/wp\/v2\/types\/post"}],"author":[{"embeddable":true,"href":"http:\/\/www.namnewsnetwork.org\/es\/index.php?rest_route=\/wp\/v2\/users\/2"}],"replies":[{"embeddable":true,"href":"http:\/\/www.namnewsnetwork.org\/es\/index.php?rest_route=%2Fwp%2Fv2%2Fcomments&post=88765"}],"version-history":[{"count":1,"href":"http:\/\/www.namnewsnetwork.org\/es\/index.php?rest_route=\/wp\/v2\/posts\/88765\/revisions"}],"predecessor-version":[{"id":88785,"href":"http:\/\/www.namnewsnetwork.org\/es\/index.php?rest_route=\/wp\/v2\/posts\/88765\/revisions\/88785"}],"wp:featuredmedia":[{"embeddable":true,"href":"http:\/\/www.namnewsnetwork.org\/es\/index.php?rest_route=\/wp\/v2\/media\/88784"}],"wp:attachment":[{"href":"http:\/\/www.namnewsnetwork.org\/es\/index.php?rest_route=%2Fwp%2Fv2%2Fmedia&parent=88765"}],"wp:term":[{"taxonomy":"category","embeddable":true,"href":"http:\/\/www.namnewsnetwork.org\/es\/index.php?rest_route=%2Fwp%2Fv2%2Fcategories&post=88765"},{"taxonomy":"post_tag","embeddable":true,"href":"http:\/\/www.namnewsnetwork.org\/es\/index.php?rest_route=%2Fwp%2Fv2%2Ftags&post=88765"}],"curies":[{"name":"wp","href":"https:\/\/api.w.org\/{rel}","templated":true}]}}