{"id":88650,"date":"2023-05-17T17:45:54","date_gmt":"2023-05-17T09:45:54","guid":{"rendered":"http:\/\/www.namnewsnetwork.org\/es\/?p=88650"},"modified":"2023-05-17T17:45:55","modified_gmt":"2023-05-17T09:45:55","slug":"siria-denuncia-politizacion-y-polarizacion-en-el-trabajo-de-la-opaq","status":"publish","type":"post","link":"http:\/\/www.namnewsnetwork.org\/es\/?p=88650","title":{"rendered":"Siria denuncia politizaci\u00f3n y polarizaci\u00f3n en el trabajo de la OPAQ"},"content":{"rendered":"\n<p>LA HAYA, 17 may (NNN-SANA) &#8212; El representante permanente de la Rep\u00fablica \u00c1rabe Siria ante la Organizaci\u00f3n para la Prohibici\u00f3n de las Armas Qu\u00edmicas (OPAQ), el embajador Milad Attia, dijo que Estados Unidos y algunos pa\u00edses occidentales siguen politizando el trabajo de esta organizaci\u00f3n internacional, y exhort\u00f3 a todos los estados partes a percatarse de la gravedad de esta pol\u00edtica que socava el trabajo de la OPAQ.<\/p>\n\n\n\n<p>En su lectura de la declaraci\u00f3n de Siria ante la quinta sesi\u00f3n especial de la Conferencia de Estados Partes para revisar el trabajo de la Convenci\u00f3n sobre Armas Qu\u00edmicas, Attia dijo que Siria afirma que cualquier intento de Estados Unidos y sus aliados de convertir esta conferencia en una nueva plataforma para lograr objetivos pol\u00edticos que sirvan a sus agendas es una violaci\u00f3n de las disposiciones de la convenci\u00f3n y un intento de desviar esta organizaci\u00f3n de sus funciones y objetivos para los cuales fue establecida.<\/p>\n\n\n\n<p>\u201cLa delegaci\u00f3n de mi pa\u00eds lamenta que este organismo t\u00e9cnico se haya involucrado nuevamente en temas geopol\u00edticos y de seguridad de car\u00e1cter regional e internacional, y haya sido desviado de los objetivos para los que fue establecido\u201d, afirm\u00f3 el diplom\u00e1tico.<\/p>\n\n\n\n<p>Agreg\u00f3 que Estados Unidos y algunos pa\u00edses occidentales convirtieron la organizaci\u00f3n en una plataforma para hacer falsas acusaciones contra Rusia de usar armas qu\u00edmicas o prepararse para usarlas, tal como ha hecho con Siria durante los \u00faltimos nueve a\u00f1os.<\/p>\n\n\n\n<p>Precis\u00f3 que la declaraci\u00f3n que lee no es una acusaci\u00f3n, m\u00e1s bien, encuentra su validez y credibilidad en las declaraciones presentadas por esos pa\u00edses en la Quinta Conferencia de Revisi\u00f3n.<\/p>\n\n\n\n<p>El delegado sirio ratific\u00f3 que su Damasco apoya el derecho de Rusia a defender y proteger su seguridad nacional en respuesta a las agresivas pol\u00edticas occidentales.<\/p>\n\n\n\n<p>La posici\u00f3n de Siria en apoyo de la operaci\u00f3n militar especial rusa en Ucrania se bas\u00f3 y seguir\u00e1 estando basada en s\u00f3lidas consideraciones y principios pol\u00edticos, morales y legales, y que esta operaci\u00f3n militar especial rusa no tiene nada que ver con el trabajo de la actual conferencia, manifest\u00f3.<\/p>\n\n\n\n<p>Por otro lado, explic\u00f3 que hace casi diez a\u00f1os, Siria se uni\u00f3 a la Convenci\u00f3n sobre Armas Qu\u00edmicas por decisi\u00f3n soberana e hizo todo lo posible y trabaj\u00f3 con diligencia, credibilidad y transparencia para implementar todas sus obligaciones en virtud de este proceso de adhesi\u00f3n, a pesar de los estrictos plazos impuestos por la organizaci\u00f3n y las dur\u00edsimas condiciones por las que atravesaba Siria en esa etapa, y sin embargo, Siria cumpli\u00f3 con todo lo que se le exigi\u00f3, y cooper\u00f3 plenamente con la secretar\u00eda t\u00e9cnica de la organizaci\u00f3n y sus equipos.<\/p>\n\n\n\n<p>Siria afirma su categ\u00f3rico rechazo al uso de armas qu\u00edmicas por cualquier persona, en cualquier lugar y bajo cualquier circunstancia, pero lamentablemente esta cooperaci\u00f3n y compromiso de Siria no encuentra cabida en las declaraciones e informes de la secretar\u00eda t\u00e9cnica y del director general de la organizaci\u00f3n.<\/p>\n\n\n\n<p>Explic\u00f3 que desde 2018, la organizaci\u00f3n ha vivido una nueva fase de politizaci\u00f3n y polarizaci\u00f3n que no ha presenciado desde la entrada en vigor de la Convenci\u00f3n en 1997 hasta ahora.<\/p>\n\n\n\n<p>Algunos pa\u00edses occidentales han trabajado para politizar el trabajo de esta organizaci\u00f3n y utilizarla como una herramienta para lograr sus objetivos geopol\u00edticos, indic\u00f3.<br>&#8212; NNN-SANA<\/p>\n","protected":false},"excerpt":{"rendered":"<p>LA HAYA, 17 may (NNN-SANA) &#8212; El representante permanente de la Rep\u00fablica \u00c1rabe Siria ante la Organizaci\u00f3n para la Prohibici\u00f3n de las Armas Qu\u00edmicas (OPAQ), el embajador Milad Attia, dijo que Estados Unidos y algunos pa\u00edses occidentales siguen politizando el trabajo de esta organizaci\u00f3n internacional, y exhort\u00f3 a todos los estados partes a percatarse de [&hellip;]<\/p>\n","protected":false},"author":2,"featured_media":88673,"comment_status":"closed","ping_status":"closed","sticky":false,"template":"","format":"standard","meta":[],"categories":[211,271,275],"tags":[],"_links":{"self":[{"href":"http:\/\/www.namnewsnetwork.org\/es\/index.php?rest_route=\/wp\/v2\/posts\/88650"}],"collection":[{"href":"http:\/\/www.namnewsnetwork.org\/es\/index.php?rest_route=\/wp\/v2\/posts"}],"about":[{"href":"http:\/\/www.namnewsnetwork.org\/es\/index.php?rest_route=\/wp\/v2\/types\/post"}],"author":[{"embeddable":true,"href":"http:\/\/www.namnewsnetwork.org\/es\/index.php?rest_route=\/wp\/v2\/users\/2"}],"replies":[{"embeddable":true,"href":"http:\/\/www.namnewsnetwork.org\/es\/index.php?rest_route=%2Fwp%2Fv2%2Fcomments&post=88650"}],"version-history":[{"count":1,"href":"http:\/\/www.namnewsnetwork.org\/es\/index.php?rest_route=\/wp\/v2\/posts\/88650\/revisions"}],"predecessor-version":[{"id":88674,"href":"http:\/\/www.namnewsnetwork.org\/es\/index.php?rest_route=\/wp\/v2\/posts\/88650\/revisions\/88674"}],"wp:featuredmedia":[{"embeddable":true,"href":"http:\/\/www.namnewsnetwork.org\/es\/index.php?rest_route=\/wp\/v2\/media\/88673"}],"wp:attachment":[{"href":"http:\/\/www.namnewsnetwork.org\/es\/index.php?rest_route=%2Fwp%2Fv2%2Fmedia&parent=88650"}],"wp:term":[{"taxonomy":"category","embeddable":true,"href":"http:\/\/www.namnewsnetwork.org\/es\/index.php?rest_route=%2Fwp%2Fv2%2Fcategories&post=88650"},{"taxonomy":"post_tag","embeddable":true,"href":"http:\/\/www.namnewsnetwork.org\/es\/index.php?rest_route=%2Fwp%2Fv2%2Ftags&post=88650"}],"curies":[{"name":"wp","href":"https:\/\/api.w.org\/{rel}","templated":true}]}}