{"id":88607,"date":"2023-05-16T17:28:04","date_gmt":"2023-05-16T09:28:04","guid":{"rendered":"http:\/\/www.namnewsnetwork.org\/es\/?p=88607"},"modified":"2023-05-16T17:28:05","modified_gmt":"2023-05-16T09:28:05","slug":"palestina-vive-la-nakba-en-medio-de-violencia-israeli","status":"publish","type":"post","link":"http:\/\/www.namnewsnetwork.org\/es\/?p=88607","title":{"rendered":"Palestina vive la Nakba en medio de violencia israel\u00ed"},"content":{"rendered":"\n<p>RAMALA, 16 may (NNN-HISPANTV) &#8212; El aniversario 75 de la Nakba se recuerda desde Palestina en un contexto rodeado de intensa violencia israel\u00ed, confirma un analista.<\/p>\n\n\n\n<p>A Israel no le importa la vida, lo que le importa son los negocios y mantener el conflicto significa mantener el negocio de la venta de armas, mantener el negocio de la guerra como un juego perverso y diab\u00f3lico, remarc\u00f3 el lunes en entrevista con HispanTV el analista geopol\u00edtico, Daniel Sol\u00eds Mart\u00ednez<\/p>\n\n\n\n<p>Est\u00e1n dadas las condiciones geopol\u00edticas en un contexto donde puede haber grandes posibilidades no solo de hacer declaraciones, sino de tomar decisiones concretas para detener el avance del robo de miles de hect\u00e1reas de Palestina y llevar a Israel a la justicia para que rinda cuentas de todos los asesinatos que han llevado a cabo sistem\u00e1ticamente, sostuvo el experto.<\/p>\n\n\n\n<p>Durante la jornada, ciudadanos palestinos salieron a las calles para participar en la manifestaci\u00f3n convocada con motivo del 75 aniversario de la Nakba.<\/p>\n\n\n\n<p>Asimismo, centenares de palestinos salieron en la bloqueada Franja de Gaza para conmemorar el D\u00eda de la Nakba, una fecha que para ellos simboliza la cat\u00e1strofe y un d\u00eda de luto nacional, ya que representa el momento en el que se proclam\u00f3 el estado de Israel en el a\u00f1o 1948.<br>&#8212; NNN-HISPANTV<\/p>\n","protected":false},"excerpt":{"rendered":"<p>RAMALA, 16 may (NNN-HISPANTV) &#8212; El aniversario 75 de la Nakba se recuerda desde Palestina en un contexto rodeado de intensa violencia israel\u00ed, confirma un analista. A Israel no le importa la vida, lo que le importa son los negocios y mantener el conflicto significa mantener el negocio de la venta de armas, mantener el [&hellip;]<\/p>\n","protected":false},"author":2,"featured_media":88637,"comment_status":"closed","ping_status":"closed","sticky":false,"template":"","format":"standard","meta":[],"categories":[211,271,275,197],"tags":[],"_links":{"self":[{"href":"http:\/\/www.namnewsnetwork.org\/es\/index.php?rest_route=\/wp\/v2\/posts\/88607"}],"collection":[{"href":"http:\/\/www.namnewsnetwork.org\/es\/index.php?rest_route=\/wp\/v2\/posts"}],"about":[{"href":"http:\/\/www.namnewsnetwork.org\/es\/index.php?rest_route=\/wp\/v2\/types\/post"}],"author":[{"embeddable":true,"href":"http:\/\/www.namnewsnetwork.org\/es\/index.php?rest_route=\/wp\/v2\/users\/2"}],"replies":[{"embeddable":true,"href":"http:\/\/www.namnewsnetwork.org\/es\/index.php?rest_route=%2Fwp%2Fv2%2Fcomments&post=88607"}],"version-history":[{"count":1,"href":"http:\/\/www.namnewsnetwork.org\/es\/index.php?rest_route=\/wp\/v2\/posts\/88607\/revisions"}],"predecessor-version":[{"id":88638,"href":"http:\/\/www.namnewsnetwork.org\/es\/index.php?rest_route=\/wp\/v2\/posts\/88607\/revisions\/88638"}],"wp:featuredmedia":[{"embeddable":true,"href":"http:\/\/www.namnewsnetwork.org\/es\/index.php?rest_route=\/wp\/v2\/media\/88637"}],"wp:attachment":[{"href":"http:\/\/www.namnewsnetwork.org\/es\/index.php?rest_route=%2Fwp%2Fv2%2Fmedia&parent=88607"}],"wp:term":[{"taxonomy":"category","embeddable":true,"href":"http:\/\/www.namnewsnetwork.org\/es\/index.php?rest_route=%2Fwp%2Fv2%2Fcategories&post=88607"},{"taxonomy":"post_tag","embeddable":true,"href":"http:\/\/www.namnewsnetwork.org\/es\/index.php?rest_route=%2Fwp%2Fv2%2Ftags&post=88607"}],"curies":[{"name":"wp","href":"https:\/\/api.w.org\/{rel}","templated":true}]}}