{"id":86137,"date":"2023-03-15T16:23:02","date_gmt":"2023-03-15T08:23:02","guid":{"rendered":"http:\/\/www.namnewsnetwork.org\/es\/?p=86137"},"modified":"2023-03-15T16:23:03","modified_gmt":"2023-03-15T08:23:03","slug":"angola-y-unesco-preparan-bienal-de-luanda-2023","status":"publish","type":"post","link":"http:\/\/www.namnewsnetwork.org\/es\/?p=86137","title":{"rendered":"Angola y UNESCO preparan Bienal de Luanda 2023"},"content":{"rendered":"\n<p>LUANDA, 15 mar (NNN-ANGOP) &#8212; El Comit\u00e9 Nacional de Gesti\u00f3n de la Bienal de Luanda y la Organizaci\u00f3n de las Naciones Unidas para la Educaci\u00f3n, la Ciencia y la Cultura (UNESCO) se reunieron el martes, en Luanda, para preparar la 3\u00aa edici\u00f3n de la Bienal, cuyo tema central ser\u00e1 la educaci\u00f3n.<\/p>\n\n\n\n<p>El encuentro, presidido por la ministra de Estado para el \u00c1rea Social, Dalva Ringote Allen, discuti\u00f3 el tema central, el programa de actividades y el modelo institucional de gobernanza de la Bienal de Luanda.<\/p>\n\n\n\n<p>El grupo de trabajo tambi\u00e9n analiz\u00f3 la estrategia de preparaci\u00f3n de la edici\u00f3n 2023 del Festival Internacional Kongo (FESTIKONGO), as\u00ed como el plan de comunicaci\u00f3n del evento.<\/p>\n\n\n\n<p>Para el director de la representaci\u00f3n regional de la UNESCO para \u00c1frica Central, Paul Raymond Coustere, el tema principal de esta 3\u00aa edici\u00f3n ser\u00e1 la Educaci\u00f3n, teniendo en cuenta la cumbre internacional de las Naciones Unidas sobre la transformaci\u00f3n de la educaci\u00f3n, que tuvo lugar en septiembre de 2022.<\/p>\n\n\n\n<p>Como espacio de reflexi\u00f3n y difusi\u00f3n de obras art\u00edsticas, ideas y buenas pr\u00e1cticas relacionadas con la cultura de paz, la Bienal 2023, a\u00fan sin fecha definida, reunir\u00e1 a representantes de los gobiernos, la sociedad civil, la comunidad art\u00edstica y cient\u00edfica de organizaciones nacionales e internacionales.<\/p>\n\n\n\n<p>Celebrada sobre la cultura de la Paz, la Bienal de Luanda tiene como objetivo desarrollar el Movimiento Panafricano por la no violencia.<\/p>\n\n\n\n<p>La primera edici\u00f3n tuvo lugar en septiembre de 2019 y reuni\u00f3 a tres jefes de Estado, 62 pa\u00edses y 15.000 participantes, adem\u00e1s de 200 artistas en el Festival de las Culturas.<br>&#8212; NNN-ANGOP<\/p>\n","protected":false},"excerpt":{"rendered":"<p>LUANDA, 15 mar (NNN-ANGOP) &#8212; El Comit\u00e9 Nacional de Gesti\u00f3n de la Bienal de Luanda y la Organizaci\u00f3n de las Naciones Unidas para la Educaci\u00f3n, la Ciencia y la Cultura (UNESCO) se reunieron el martes, en Luanda, para preparar la 3\u00aa edici\u00f3n de la Bienal, cuyo tema central ser\u00e1 la educaci\u00f3n. El encuentro, presidido por [&hellip;]<\/p>\n","protected":false},"author":2,"featured_media":86145,"comment_status":"closed","ping_status":"closed","sticky":false,"template":"","format":"standard","meta":[],"categories":[217,276,211],"tags":[],"_links":{"self":[{"href":"http:\/\/www.namnewsnetwork.org\/es\/index.php?rest_route=\/wp\/v2\/posts\/86137"}],"collection":[{"href":"http:\/\/www.namnewsnetwork.org\/es\/index.php?rest_route=\/wp\/v2\/posts"}],"about":[{"href":"http:\/\/www.namnewsnetwork.org\/es\/index.php?rest_route=\/wp\/v2\/types\/post"}],"author":[{"embeddable":true,"href":"http:\/\/www.namnewsnetwork.org\/es\/index.php?rest_route=\/wp\/v2\/users\/2"}],"replies":[{"embeddable":true,"href":"http:\/\/www.namnewsnetwork.org\/es\/index.php?rest_route=%2Fwp%2Fv2%2Fcomments&post=86137"}],"version-history":[{"count":1,"href":"http:\/\/www.namnewsnetwork.org\/es\/index.php?rest_route=\/wp\/v2\/posts\/86137\/revisions"}],"predecessor-version":[{"id":86146,"href":"http:\/\/www.namnewsnetwork.org\/es\/index.php?rest_route=\/wp\/v2\/posts\/86137\/revisions\/86146"}],"wp:featuredmedia":[{"embeddable":true,"href":"http:\/\/www.namnewsnetwork.org\/es\/index.php?rest_route=\/wp\/v2\/media\/86145"}],"wp:attachment":[{"href":"http:\/\/www.namnewsnetwork.org\/es\/index.php?rest_route=%2Fwp%2Fv2%2Fmedia&parent=86137"}],"wp:term":[{"taxonomy":"category","embeddable":true,"href":"http:\/\/www.namnewsnetwork.org\/es\/index.php?rest_route=%2Fwp%2Fv2%2Fcategories&post=86137"},{"taxonomy":"post_tag","embeddable":true,"href":"http:\/\/www.namnewsnetwork.org\/es\/index.php?rest_route=%2Fwp%2Fv2%2Ftags&post=86137"}],"curies":[{"name":"wp","href":"https:\/\/api.w.org\/{rel}","templated":true}]}}