{"id":86075,"date":"2023-03-14T11:52:08","date_gmt":"2023-03-14T03:52:08","guid":{"rendered":"http:\/\/www.namnewsnetwork.org\/es\/?p=86075"},"modified":"2023-03-14T11:52:08","modified_gmt":"2023-03-14T03:52:08","slug":"angola-y-japon-acuerdan-cooperar-en-materia-espacial","status":"publish","type":"post","link":"http:\/\/www.namnewsnetwork.org\/es\/?p=86075","title":{"rendered":"Angola y Jap\u00f3n acuerdan cooperar en materia espacial"},"content":{"rendered":"\n<p>TOKIO, 14 mar (NNN-ANGOP) &#8212; Un memorando de entendimiento para la formaci\u00f3n de cuadros angole\u00f1os en el campo espacial fue firmado el lunes, en Tokio, por los gobiernos de Angola y Jap\u00f3n.<\/p>\n\n\n\n<p>La &#8220;carta de intenci\u00f3n&#8221; para el establecimiento de la cooperaci\u00f3n en el campo espacial, fue rubricada en el marco de la visita de Estado de cuatro d\u00edas que el presidente angole\u00f1o, Jo\u00e3o Louren\u00e7o, realiza a Jap\u00f3n.<\/p>\n\n\n\n<p>El documento fue firmado por el director de la Oficina de Gesti\u00f3n del Programa Espacial de Angola, Tudolana Jo\u00e3o, y el subdirector general de Cooperaci\u00f3n Econ\u00f3mica Internacional de Jap\u00f3n, Soichiro Sakagachi.<\/p>\n\n\n\n<p>En declaraciones a la prensa, el ministro de Telecomunicaciones, Tecnolog\u00edas de la Informaci\u00f3n y Comunicaci\u00f3n Social de Angola, M\u00e1rio Oliveira, dijo que el convenio tiene como objetivo, sobre todo, la formaci\u00f3n de cuadros angole\u00f1os.<\/p>\n\n\n\n<p>\u201cCon Jap\u00f3n vamos a trabajar con miras a la formaci\u00f3n de cuadros y la adquisici\u00f3n de su experiencia en la industria espacial\u201d, explic\u00f3 el ministro, quien reiter\u00f3 que Angola pretende encajar bien en el sector de la industria espacial.<\/p>\n\n\n\n<p>La cooperaci\u00f3n con Jap\u00f3n comenz\u00f3 en 1988.<br>&#8212; NNN-ANGOP<\/p>\n","protected":false},"excerpt":{"rendered":"<p>TOKIO, 14 mar (NNN-ANGOP) &#8212; Un memorando de entendimiento para la formaci\u00f3n de cuadros angole\u00f1os en el campo espacial fue firmado el lunes, en Tokio, por los gobiernos de Angola y Jap\u00f3n. La &#8220;carta de intenci\u00f3n&#8221; para el establecimiento de la cooperaci\u00f3n en el campo espacial, fue rubricada en el marco de la visita de [&hellip;]<\/p>\n","protected":false},"author":2,"featured_media":86088,"comment_status":"closed","ping_status":"closed","sticky":false,"template":"","format":"standard","meta":[],"categories":[217,276,209,211],"tags":[],"_links":{"self":[{"href":"http:\/\/www.namnewsnetwork.org\/es\/index.php?rest_route=\/wp\/v2\/posts\/86075"}],"collection":[{"href":"http:\/\/www.namnewsnetwork.org\/es\/index.php?rest_route=\/wp\/v2\/posts"}],"about":[{"href":"http:\/\/www.namnewsnetwork.org\/es\/index.php?rest_route=\/wp\/v2\/types\/post"}],"author":[{"embeddable":true,"href":"http:\/\/www.namnewsnetwork.org\/es\/index.php?rest_route=\/wp\/v2\/users\/2"}],"replies":[{"embeddable":true,"href":"http:\/\/www.namnewsnetwork.org\/es\/index.php?rest_route=%2Fwp%2Fv2%2Fcomments&post=86075"}],"version-history":[{"count":1,"href":"http:\/\/www.namnewsnetwork.org\/es\/index.php?rest_route=\/wp\/v2\/posts\/86075\/revisions"}],"predecessor-version":[{"id":86089,"href":"http:\/\/www.namnewsnetwork.org\/es\/index.php?rest_route=\/wp\/v2\/posts\/86075\/revisions\/86089"}],"wp:featuredmedia":[{"embeddable":true,"href":"http:\/\/www.namnewsnetwork.org\/es\/index.php?rest_route=\/wp\/v2\/media\/86088"}],"wp:attachment":[{"href":"http:\/\/www.namnewsnetwork.org\/es\/index.php?rest_route=%2Fwp%2Fv2%2Fmedia&parent=86075"}],"wp:term":[{"taxonomy":"category","embeddable":true,"href":"http:\/\/www.namnewsnetwork.org\/es\/index.php?rest_route=%2Fwp%2Fv2%2Fcategories&post=86075"},{"taxonomy":"post_tag","embeddable":true,"href":"http:\/\/www.namnewsnetwork.org\/es\/index.php?rest_route=%2Fwp%2Fv2%2Ftags&post=86075"}],"curies":[{"name":"wp","href":"https:\/\/api.w.org\/{rel}","templated":true}]}}