{"id":86020,"date":"2023-03-12T23:55:26","date_gmt":"2023-03-12T15:55:26","guid":{"rendered":"http:\/\/www.namnewsnetwork.org\/es\/?p=86020"},"modified":"2023-03-12T23:55:26","modified_gmt":"2023-03-12T15:55:26","slug":"presidente-tunecino-restablecera-lazos-diplomaticos-con-siria","status":"publish","type":"post","link":"http:\/\/www.namnewsnetwork.org\/es\/?p=86020","title":{"rendered":"Presidente tunecino restablecer\u00e1 lazos diplom\u00e1ticos con Siria"},"content":{"rendered":"\n<p>T\u00daNEZ, 12 mar (NNN-HISPANTV) &#8212; El presidente tunecino, Kais Said, dijo que restablecer\u00e1 las relaciones diplom\u00e1ticas de T\u00fanez con Siria, tras m\u00e1s de una d\u00e9cada sin nexos entre ambos pa\u00edses.<\/p>\n\n\n\n<p>\u201cNada puede justificar la ausencia de un embajador tunecino en Damasco y un embajador de Siria en T\u00fanez\u201d, asever\u00f3 el viernes el mandatario tunecino en reuni\u00f3n con su ministro de Relaciones Exteriores, Nabil Ammar.<\/p>\n\n\n\n<p>Said puso de relieve que \u201ccuesti\u00f3n del r\u00e9gimen en Siria concierne solo a los sirios\u201d, rechazando cualquier injerencia en los asuntos y las \u201copciones\u201d de los dem\u00e1s. \u201cEl embajador est\u00e1 acreditado ante el Estado y no ante el r\u00e9gimen\u201d, agreg\u00f3.<\/p>\n\n\n\n<p>Estas afirmaciones confirman la intenci\u00f3n de T\u00fanez de restaurar completamente las relaciones con Siria. De hecho, en febrero, Said ya hab\u00eda manifestado su intenci\u00f3n de \u201creforzar la representaci\u00f3n diplom\u00e1tica\u201d de T\u00fanez en Siria y que tal movimiento podr\u00eda ser inminente.<\/p>\n\n\n\n<p>T\u00fanez cort\u00f3 relaciones diplom\u00e1ticas con Damasco tras el inicio de la guerra contra Siria respaldada por extranjeros en 2011, y siete a\u00f1os despu\u00e9s retom\u00f3 de forma limitada los v\u00ednculos diplom\u00e1ticos con Siria, en parte para ayudar a rastrear a m\u00e1s de 3000 militantes tunecinos que supuestamente luchaban en el pa\u00eds levantino.<\/p>\n\n\n\n<p>Sin embargo, desde que Said asumi\u00f3 el mando en 2021 y consolid\u00f3 su poder, T\u00fanez ha estado enviando se\u00f1ales a Damasco de que est\u00e1 listo para reanudar relaciones diplom\u00e1ticas plenas con el pa\u00eds levantino.<\/p>\n\n\n\n<p>Varios otros pa\u00edses \u00e1rabes, incluidos Egipto, Jordania, Om\u00e1n y los Emiratos \u00c1rabes Unidos, en los \u00faltimos meses han enviado se\u00f1ales similares, lo que indica que tambi\u00e9n est\u00e1n preparados para reanudar las relaciones diplom\u00e1ticas a nivel de embajadores con el gobierno sirio.<\/p>\n\n\n\n<p>El mes pasado, varios portavoces del parlamento \u00e1rabe y legisladores de alto nivel visitaron Damasco como parte de un intento concertado para restaurar la membres\u00eda de Siria en la Liga \u00c1rabe, m\u00e1s de una d\u00e9cada despu\u00e9s de que fuera suspendida del bloque de 22 miembros.<br>&#8212; NNN-HISPANTV<\/p>\n","protected":false},"excerpt":{"rendered":"<p>T\u00daNEZ, 12 mar (NNN-HISPANTV) &#8212; El presidente tunecino, Kais Said, dijo que restablecer\u00e1 las relaciones diplom\u00e1ticas de T\u00fanez con Siria, tras m\u00e1s de una d\u00e9cada sin nexos entre ambos pa\u00edses. \u201cNada puede justificar la ausencia de un embajador tunecino en Damasco y un embajador de Siria en T\u00fanez\u201d, asever\u00f3 el viernes el mandatario tunecino en [&hellip;]<\/p>\n","protected":false},"author":2,"featured_media":0,"comment_status":"closed","ping_status":"closed","sticky":false,"template":"","format":"standard","meta":[],"categories":[217,211],"tags":[],"_links":{"self":[{"href":"http:\/\/www.namnewsnetwork.org\/es\/index.php?rest_route=\/wp\/v2\/posts\/86020"}],"collection":[{"href":"http:\/\/www.namnewsnetwork.org\/es\/index.php?rest_route=\/wp\/v2\/posts"}],"about":[{"href":"http:\/\/www.namnewsnetwork.org\/es\/index.php?rest_route=\/wp\/v2\/types\/post"}],"author":[{"embeddable":true,"href":"http:\/\/www.namnewsnetwork.org\/es\/index.php?rest_route=\/wp\/v2\/users\/2"}],"replies":[{"embeddable":true,"href":"http:\/\/www.namnewsnetwork.org\/es\/index.php?rest_route=%2Fwp%2Fv2%2Fcomments&post=86020"}],"version-history":[{"count":1,"href":"http:\/\/www.namnewsnetwork.org\/es\/index.php?rest_route=\/wp\/v2\/posts\/86020\/revisions"}],"predecessor-version":[{"id":86021,"href":"http:\/\/www.namnewsnetwork.org\/es\/index.php?rest_route=\/wp\/v2\/posts\/86020\/revisions\/86021"}],"wp:attachment":[{"href":"http:\/\/www.namnewsnetwork.org\/es\/index.php?rest_route=%2Fwp%2Fv2%2Fmedia&parent=86020"}],"wp:term":[{"taxonomy":"category","embeddable":true,"href":"http:\/\/www.namnewsnetwork.org\/es\/index.php?rest_route=%2Fwp%2Fv2%2Fcategories&post=86020"},{"taxonomy":"post_tag","embeddable":true,"href":"http:\/\/www.namnewsnetwork.org\/es\/index.php?rest_route=%2Fwp%2Fv2%2Ftags&post=86020"}],"curies":[{"name":"wp","href":"https:\/\/api.w.org\/{rel}","templated":true}]}}