{"id":85936,"date":"2023-03-11T23:46:00","date_gmt":"2023-03-11T15:46:00","guid":{"rendered":"http:\/\/www.namnewsnetwork.org\/es\/?p=85936"},"modified":"2023-03-11T23:46:01","modified_gmt":"2023-03-11T15:46:01","slug":"rescatan-a-miles-de-migrantes-en-costas-italianas","status":"publish","type":"post","link":"http:\/\/www.namnewsnetwork.org\/es\/?p=85936","title":{"rendered":"Rescatan a miles de migrantes en costas italianas"},"content":{"rendered":"\n<p>ROMA, 11 mar (NNN-TELESUR) &#8212; Los equipos de salvamento de la Guardia Costera y las Fuerzas Navales de Italia rescataron en las \u00faltimas 24 horas m\u00e1s de 1.800 migrantes en 20 operaciones, mientras el pa\u00eds endurece sanciones contra traficantes de personas.<\/p>\n\n\n\n<div class=\"wp-block-image\"><figure class=\"alignleft size-full\"><img loading=\"lazy\" width=\"417\" height=\"235\" src=\"http:\/\/www.namnewsnetwork.org\/es\/wp-content\/uploads\/2023\/03\/Rescatan-a-miles-de-migrantes-en-costas-italianas.jpeg\" alt=\"\" class=\"wp-image-85955\" srcset=\"http:\/\/www.namnewsnetwork.org\/es\/wp-content\/uploads\/2023\/03\/Rescatan-a-miles-de-migrantes-en-costas-italianas.jpeg 417w, http:\/\/www.namnewsnetwork.org\/es\/wp-content\/uploads\/2023\/03\/Rescatan-a-miles-de-migrantes-en-costas-italianas-300x169.jpeg 300w\" sizes=\"(max-width: 417px) 100vw, 417px\" \/><figcaption><em><sup>Foto: @Radio1Rai<\/sup><\/em><\/figcaption><\/figure><\/div>\n\n\n\n<p>El servicio de guardacostas italianos, la Guardia Costiera, anunci\u00f3 el s\u00e1bado la realizaci\u00f3n de una gran operaci\u00f3n de salvamento, donde hasta tres grandes barcazas repletas de personas se encontraban en peligro de naufragio.<\/p>\n\n\n\n<p>En las \u00faltimas 48 horas zarparon de las costas de T\u00fanez y Libia unas 4.600 personas con destino a las sure\u00f1as regiones italianas de Sicilia y Calabria.<\/p>\n\n\n\n<p>La madrugada del s\u00e1bado, 487 migrantes fueron devueltos sanos y salvos al puerto de Crotone seg\u00fan varios medios locales.<\/p>\n\n\n\n<p>Los videos de los guardacostas, publicados el viernes, mostraban a algunos de ellos en la cubierta de un gran barco pesquero que se balanceaba en el mar. Otro barco con 584 migrantes atrac\u00f3 en Reggio Calabria.<\/p>\n\n\n\n<p>Otras 379 personas fueron repartidas en otros dos barcos patrulla de guardacostas y despu\u00e9s trasladadas al barco de la Marina Sirio&#8217;, en direcci\u00f3n al puerto de Augusta.<\/p>\n\n\n\n<p>&#8220;El Ministerio de Defensa est\u00e1 brindando todo el apoyo posible a trav\u00e9s de la Armada y la Fuerza A\u00e9rea para abordar la dram\u00e1tica situaci\u00f3n que se vive en Lampedusa y en mar abierto, en el canal de Sicilia&#8221;, dijo en un tuit el ministro de Defensa, Guido Crosetti.<\/p>\n\n\n\n<p>Por otra parte, el cuerpo sin vida de una ni\u00f1a de cinco a\u00f1os fue encontrado el s\u00e1bado en el mar frente a las costas de Steccato di Cutro, en la regi\u00f3n de Calabria. La menor es la 74 v\u00edctima oficial del naufragio del pasado 26 de febrero en el sur de Italia.<\/p>\n\n\n\n<p>La tragedia se produjo cuando la embarcaci\u00f3n en la que viajaban unas 200 personas migrantes, en su mayor\u00eda afganas, iran\u00edes, paquistan\u00edes y sirias, se hundi\u00f3 a solo 150 metros de la playa de Cutro.<\/p>\n\n\n\n<p>Con esta ni\u00f1a, son ya 30 los menores que han muerto en el naufragio. Hasta el momento se han contabilizado 80 supervivientes.<\/p>\n\n\n\n<p>De acuerdo con un reciente informe del Ministerio del Interior, se eleva a 17 mil 952 la cifra de inmigrantes llegados a este pa\u00eds en poco m\u00e1s de dos meses durante 2023, un 194,0 por ciento m\u00e1s que en el mismo per\u00edodo del pasado a\u00f1o, cuando se registraron apenas cinco mil 995.<\/p>\n\n\n\n<p>El Gobierno italiano, por su parte, que encabeza la ultraderechista Giorgia Meloni, aprob\u00f3 un decreto ley que aumentar\u00e1 las penas a las que se enfrentan los considerados &#8220;traficantes&#8221;, que son los encargados de conducir las barcazas siguiendo \u00f3rdenes de organizaciones criminales.<br>&#8212; NNN-TELESUR<\/p>\n","protected":false},"excerpt":{"rendered":"<p>ROMA, 11 mar (NNN-TELESUR) &#8212; Los equipos de salvamento de la Guardia Costera y las Fuerzas Navales de Italia rescataron en las \u00faltimas 24 horas m\u00e1s de 1.800 migrantes en 20 operaciones, mientras el pa\u00eds endurece sanciones contra traficantes de personas. El servicio de guardacostas italianos, la Guardia Costiera, anunci\u00f3 el s\u00e1bado la realizaci\u00f3n de [&hellip;]<\/p>\n","protected":false},"author":2,"featured_media":85955,"comment_status":"closed","ping_status":"closed","sticky":false,"template":"","format":"standard","meta":[],"categories":[210,278,211],"tags":[],"_links":{"self":[{"href":"http:\/\/www.namnewsnetwork.org\/es\/index.php?rest_route=\/wp\/v2\/posts\/85936"}],"collection":[{"href":"http:\/\/www.namnewsnetwork.org\/es\/index.php?rest_route=\/wp\/v2\/posts"}],"about":[{"href":"http:\/\/www.namnewsnetwork.org\/es\/index.php?rest_route=\/wp\/v2\/types\/post"}],"author":[{"embeddable":true,"href":"http:\/\/www.namnewsnetwork.org\/es\/index.php?rest_route=\/wp\/v2\/users\/2"}],"replies":[{"embeddable":true,"href":"http:\/\/www.namnewsnetwork.org\/es\/index.php?rest_route=%2Fwp%2Fv2%2Fcomments&post=85936"}],"version-history":[{"count":1,"href":"http:\/\/www.namnewsnetwork.org\/es\/index.php?rest_route=\/wp\/v2\/posts\/85936\/revisions"}],"predecessor-version":[{"id":85956,"href":"http:\/\/www.namnewsnetwork.org\/es\/index.php?rest_route=\/wp\/v2\/posts\/85936\/revisions\/85956"}],"wp:featuredmedia":[{"embeddable":true,"href":"http:\/\/www.namnewsnetwork.org\/es\/index.php?rest_route=\/wp\/v2\/media\/85955"}],"wp:attachment":[{"href":"http:\/\/www.namnewsnetwork.org\/es\/index.php?rest_route=%2Fwp%2Fv2%2Fmedia&parent=85936"}],"wp:term":[{"taxonomy":"category","embeddable":true,"href":"http:\/\/www.namnewsnetwork.org\/es\/index.php?rest_route=%2Fwp%2Fv2%2Fcategories&post=85936"},{"taxonomy":"post_tag","embeddable":true,"href":"http:\/\/www.namnewsnetwork.org\/es\/index.php?rest_route=%2Fwp%2Fv2%2Ftags&post=85936"}],"curies":[{"name":"wp","href":"https:\/\/api.w.org\/{rel}","templated":true}]}}