{"id":85884,"date":"2023-03-10T18:50:00","date_gmt":"2023-03-10T10:50:00","guid":{"rendered":"http:\/\/www.namnewsnetwork.org\/es\/?p=85884"},"modified":"2023-03-10T19:00:08","modified_gmt":"2023-03-10T11:00:08","slug":"achacan-a-grupo-islamista-letal-ataque-en-la-rdc","status":"publish","type":"post","link":"http:\/\/www.namnewsnetwork.org\/es\/?p=85884","title":{"rendered":"Achacan a grupo islamista letal ataque en la RDC"},"content":{"rendered":"\n<p>KINSHASA, 10 mar (NNN-PRENSA LATINA) &#8212; El ataque anoche contra dos aldeas en Kivu Norte, este de la Rep\u00fablica Democr\u00e1tica del Congo (RDC), durante los cuales fueron masacradas decenas de personas fue atribuido el jueves al grupo islamista Fuerzas Aliadas Democr\u00e1tica (FAD).<\/p>\n\n\n\n<p>El n\u00famero de v\u00edctimas, 38, a\u00fan es parcial: 30 en Mukondi y ocho en Mausa, dijo el jefe de la agrupaci\u00f3n de aldeas de la zona, Kalunga Meso; otro portavoz precis\u00f3 que los atacantes entraron en sigilo en ambas localidades y pasaron a cuchillo a la mayor\u00eda de las v\u00edctimas.<\/p>\n\n\n\n<p>Las ADF, leales a Estado Isl\u00e1mico, son un movimiento armado opuesto al gobierno de Uganda, integrado por ciudadanos de ese pa\u00eds y activo desde mediados de la d\u00e9cada de los a\u00f1os 90 del pasado siglo al que se acusa de masacrar a decenas de miles de personas en su pa\u00eds y en la RDC.<\/p>\n\n\n\n<p>Los ej\u00e9rcitos de la RDC y Uganda coordinan acciones para liquidar a esa milicia islamista aun sin resultados tnagibles.<\/p>\n\n\n\n<p>Horas atr\u00e1s la Polic\u00eda ugandesa cerr\u00f3 al tr\u00e1fico durante varias horas la autopista entre la capital, Kampala, y la ciudad de Entebbe tras declarar la alarma de atentado terrorista con bomba tras detectar una bolsa sospechosa.<\/p>\n\n\n\n<p>La carretera fue reabierta al tr\u00e1fico despu\u00e9s que expertos del escuadr\u00f3n antiterrorista revisaron el equipaje.<br>&#8212; NNN-PRENSA LATINA<\/p>\n","protected":false},"excerpt":{"rendered":"<p>KINSHASA, 10 mar (NNN-PRENSA LATINA) &#8212; El ataque anoche contra dos aldeas en Kivu Norte, este de la Rep\u00fablica Democr\u00e1tica del Congo (RDC), durante los cuales fueron masacradas decenas de personas fue atribuido el jueves al grupo islamista Fuerzas Aliadas Democr\u00e1tica (FAD). El n\u00famero de v\u00edctimas, 38, a\u00fan es parcial: 30 en Mukondi y ocho [&hellip;]<\/p>\n","protected":false},"author":2,"featured_media":85903,"comment_status":"closed","ping_status":"closed","sticky":false,"template":"","format":"standard","meta":[],"categories":[217,276,211],"tags":[],"_links":{"self":[{"href":"http:\/\/www.namnewsnetwork.org\/es\/index.php?rest_route=\/wp\/v2\/posts\/85884"}],"collection":[{"href":"http:\/\/www.namnewsnetwork.org\/es\/index.php?rest_route=\/wp\/v2\/posts"}],"about":[{"href":"http:\/\/www.namnewsnetwork.org\/es\/index.php?rest_route=\/wp\/v2\/types\/post"}],"author":[{"embeddable":true,"href":"http:\/\/www.namnewsnetwork.org\/es\/index.php?rest_route=\/wp\/v2\/users\/2"}],"replies":[{"embeddable":true,"href":"http:\/\/www.namnewsnetwork.org\/es\/index.php?rest_route=%2Fwp%2Fv2%2Fcomments&post=85884"}],"version-history":[{"count":1,"href":"http:\/\/www.namnewsnetwork.org\/es\/index.php?rest_route=\/wp\/v2\/posts\/85884\/revisions"}],"predecessor-version":[{"id":85904,"href":"http:\/\/www.namnewsnetwork.org\/es\/index.php?rest_route=\/wp\/v2\/posts\/85884\/revisions\/85904"}],"wp:featuredmedia":[{"embeddable":true,"href":"http:\/\/www.namnewsnetwork.org\/es\/index.php?rest_route=\/wp\/v2\/media\/85903"}],"wp:attachment":[{"href":"http:\/\/www.namnewsnetwork.org\/es\/index.php?rest_route=%2Fwp%2Fv2%2Fmedia&parent=85884"}],"wp:term":[{"taxonomy":"category","embeddable":true,"href":"http:\/\/www.namnewsnetwork.org\/es\/index.php?rest_route=%2Fwp%2Fv2%2Fcategories&post=85884"},{"taxonomy":"post_tag","embeddable":true,"href":"http:\/\/www.namnewsnetwork.org\/es\/index.php?rest_route=%2Fwp%2Fv2%2Ftags&post=85884"}],"curies":[{"name":"wp","href":"https:\/\/api.w.org\/{rel}","templated":true}]}}