{"id":85883,"date":"2023-03-10T18:32:03","date_gmt":"2023-03-10T10:32:03","guid":{"rendered":"http:\/\/www.namnewsnetwork.org\/es\/?p=85883"},"modified":"2023-03-10T18:32:04","modified_gmt":"2023-03-10T10:32:04","slug":"acoge-malaui-foro-ministerial-para-enfrentar-el-colera","status":"publish","type":"post","link":"http:\/\/www.namnewsnetwork.org\/es\/?p=85883","title":{"rendered":"Acoge Malaui foro ministerial para enfrentar el c\u00f3lera"},"content":{"rendered":"\n<p>LILONG\u00dcE, 10 mar (NNN-PRENSA LATINA) &#8212; Malawi acoge a partir del jueves y hasta el viernes una reuni\u00f3n ministerial de emergencia de alto nivel para los pa\u00edses afectados por la enfermedad del c\u00f3lera, informaron fuentes gubernamentales.<\/p>\n\n\n\n<p>El ministro de Sanidad, Khumzimbe Chiponda, declar\u00f3 que este foro, en el que participan representantes gubernamentales y organismos como los Centros Africanos para el Control de Enfermedades, persigue que los estados compartan informaci\u00f3n sobre los brotes de c\u00f3lera y las t\u00e9cnicas esenciales para darles respuesta.<\/p>\n\n\n\n<p>La lucha contra esa dolencia y otras enfermedades requiere una buena colaboraci\u00f3n y coordinaci\u00f3n entre los estados de este continente y otros del planeta, ya que vivimos en una aldea global, enfatiz\u00f3 el funcionario.<\/p>\n\n\n\n<p>Desde marzo del pasado a\u00f1o, 29 distritos de Malawi, pa\u00eds del sur de \u00c1frica, fueron afectados por brotes de c\u00f3lera, que dejaron saldo de 51 mil 855 infectados, incluidos mil 616 muertos, seg\u00fan autoridades sanitarias.<\/p>\n\n\n\n<p>La Organizaci\u00f3n Mundial de Salud notific\u00f3 recientemente que adem\u00e1s de Malawi, se registraron casos de la mencionada dolencia en Burundi, Camer\u00fan, Rep\u00fablica Democr\u00e1tica del Congo, Etiop\u00eda, Mozambique, Nigeria, Kenya y Somalia.<\/p>\n\n\n\n<p>El c\u00f3lera, dolencia diarreica aguda, tiene como causa el consumo de alimentos o agua contaminada con el denominado bacilo Vibrio cholerae.<br>&#8212; NNN-PRENSA LATINA<\/p>\n","protected":false},"excerpt":{"rendered":"<p>LILONG\u00dcE, 10 mar (NNN-PRENSA LATINA) &#8212; Malawi acoge a partir del jueves y hasta el viernes una reuni\u00f3n ministerial de emergencia de alto nivel para los pa\u00edses afectados por la enfermedad del c\u00f3lera, informaron fuentes gubernamentales. El ministro de Sanidad, Khumzimbe Chiponda, declar\u00f3 que este foro, en el que participan representantes gubernamentales y organismos como [&hellip;]<\/p>\n","protected":false},"author":2,"featured_media":85901,"comment_status":"closed","ping_status":"closed","sticky":false,"template":"","format":"standard","meta":[],"categories":[217,276,211],"tags":[],"_links":{"self":[{"href":"http:\/\/www.namnewsnetwork.org\/es\/index.php?rest_route=\/wp\/v2\/posts\/85883"}],"collection":[{"href":"http:\/\/www.namnewsnetwork.org\/es\/index.php?rest_route=\/wp\/v2\/posts"}],"about":[{"href":"http:\/\/www.namnewsnetwork.org\/es\/index.php?rest_route=\/wp\/v2\/types\/post"}],"author":[{"embeddable":true,"href":"http:\/\/www.namnewsnetwork.org\/es\/index.php?rest_route=\/wp\/v2\/users\/2"}],"replies":[{"embeddable":true,"href":"http:\/\/www.namnewsnetwork.org\/es\/index.php?rest_route=%2Fwp%2Fv2%2Fcomments&post=85883"}],"version-history":[{"count":1,"href":"http:\/\/www.namnewsnetwork.org\/es\/index.php?rest_route=\/wp\/v2\/posts\/85883\/revisions"}],"predecessor-version":[{"id":85902,"href":"http:\/\/www.namnewsnetwork.org\/es\/index.php?rest_route=\/wp\/v2\/posts\/85883\/revisions\/85902"}],"wp:featuredmedia":[{"embeddable":true,"href":"http:\/\/www.namnewsnetwork.org\/es\/index.php?rest_route=\/wp\/v2\/media\/85901"}],"wp:attachment":[{"href":"http:\/\/www.namnewsnetwork.org\/es\/index.php?rest_route=%2Fwp%2Fv2%2Fmedia&parent=85883"}],"wp:term":[{"taxonomy":"category","embeddable":true,"href":"http:\/\/www.namnewsnetwork.org\/es\/index.php?rest_route=%2Fwp%2Fv2%2Fcategories&post=85883"},{"taxonomy":"post_tag","embeddable":true,"href":"http:\/\/www.namnewsnetwork.org\/es\/index.php?rest_route=%2Fwp%2Fv2%2Ftags&post=85883"}],"curies":[{"name":"wp","href":"https:\/\/api.w.org\/{rel}","templated":true}]}}