{"id":85814,"date":"2023-03-09T15:48:51","date_gmt":"2023-03-09T07:48:51","guid":{"rendered":"http:\/\/www.namnewsnetwork.org\/es\/?p=85814"},"modified":"2023-03-09T15:48:52","modified_gmt":"2023-03-09T07:48:52","slug":"cerraron-autopista-ugandesa-por-alarma-de-atentado-explosivo","status":"publish","type":"post","link":"http:\/\/www.namnewsnetwork.org\/es\/?p=85814","title":{"rendered":"Cerraron autopista ugandesa por alarma de atentado explosivo"},"content":{"rendered":"\n<p>KAMPALA, 9 mar (NNN-PRENSA LATINA) &#8212; La autopista de Entebbe en esta ciudad, capital de Uganda reabri\u00f3 el mi\u00e9rcoles al tr\u00e1fico tras permanecer cerrada mientras expertos de la Polic\u00eda investigaban el contenido de una bolsa abandonada.<\/p>\n\n\n\n<p>La autopista de Entebbe est\u00e1 abierta al uso del p\u00fablico, inform\u00f3 el cuerpo a trav\u00e9s de la red social Twitter despu\u00e9s que el escuadr\u00f3n antiexplosivos fue despachado a la zona para investigar el objeto que se sospech\u00f3 conten\u00eda un dispositivo explosivo improvisado.<\/p>\n\n\n\n<p>Los temores est\u00e1n justificados porque Uganda est\u00e1 en la lista de pa\u00edses blanco de actos terroristas el m\u00e1s reciente en octubre pasado en esta capital, que caus\u00f3 la muerte de siete personas y fue reivindicado por el grupo islamista Fuerzas Democr\u00e1ticas Aliadas que opera desde la Rep\u00fablica Democr\u00e1tica del Congo.<br>&#8212; NNN-PRENSA LATINA<\/p>\n","protected":false},"excerpt":{"rendered":"<p>KAMPALA, 9 mar (NNN-PRENSA LATINA) &#8212; La autopista de Entebbe en esta ciudad, capital de Uganda reabri\u00f3 el mi\u00e9rcoles al tr\u00e1fico tras permanecer cerrada mientras expertos de la Polic\u00eda investigaban el contenido de una bolsa abandonada. La autopista de Entebbe est\u00e1 abierta al uso del p\u00fablico, inform\u00f3 el cuerpo a trav\u00e9s de la red social [&hellip;]<\/p>\n","protected":false},"author":2,"featured_media":85825,"comment_status":"closed","ping_status":"closed","sticky":false,"template":"","format":"standard","meta":[],"categories":[217,276,211],"tags":[],"_links":{"self":[{"href":"http:\/\/www.namnewsnetwork.org\/es\/index.php?rest_route=\/wp\/v2\/posts\/85814"}],"collection":[{"href":"http:\/\/www.namnewsnetwork.org\/es\/index.php?rest_route=\/wp\/v2\/posts"}],"about":[{"href":"http:\/\/www.namnewsnetwork.org\/es\/index.php?rest_route=\/wp\/v2\/types\/post"}],"author":[{"embeddable":true,"href":"http:\/\/www.namnewsnetwork.org\/es\/index.php?rest_route=\/wp\/v2\/users\/2"}],"replies":[{"embeddable":true,"href":"http:\/\/www.namnewsnetwork.org\/es\/index.php?rest_route=%2Fwp%2Fv2%2Fcomments&post=85814"}],"version-history":[{"count":1,"href":"http:\/\/www.namnewsnetwork.org\/es\/index.php?rest_route=\/wp\/v2\/posts\/85814\/revisions"}],"predecessor-version":[{"id":85826,"href":"http:\/\/www.namnewsnetwork.org\/es\/index.php?rest_route=\/wp\/v2\/posts\/85814\/revisions\/85826"}],"wp:featuredmedia":[{"embeddable":true,"href":"http:\/\/www.namnewsnetwork.org\/es\/index.php?rest_route=\/wp\/v2\/media\/85825"}],"wp:attachment":[{"href":"http:\/\/www.namnewsnetwork.org\/es\/index.php?rest_route=%2Fwp%2Fv2%2Fmedia&parent=85814"}],"wp:term":[{"taxonomy":"category","embeddable":true,"href":"http:\/\/www.namnewsnetwork.org\/es\/index.php?rest_route=%2Fwp%2Fv2%2Fcategories&post=85814"},{"taxonomy":"post_tag","embeddable":true,"href":"http:\/\/www.namnewsnetwork.org\/es\/index.php?rest_route=%2Fwp%2Fv2%2Ftags&post=85814"}],"curies":[{"name":"wp","href":"https:\/\/api.w.org\/{rel}","templated":true}]}}