{"id":85694,"date":"2023-03-06T23:58:43","date_gmt":"2023-03-06T15:58:43","guid":{"rendered":"http:\/\/www.namnewsnetwork.org\/es\/?p=85694"},"modified":"2023-03-07T00:01:41","modified_gmt":"2023-03-06T16:01:41","slug":"suscribe-somalia-protocolo-sobre-libre-circulacion-de-personas","status":"publish","type":"post","link":"http:\/\/www.namnewsnetwork.org\/es\/?p=85694","title":{"rendered":"Suscribe Somalia Protocolo sobre la Libre Circulaci\u00f3n de Personas"},"content":{"rendered":"\n<p>MOGADISCIO, 6 mar (NNN-PRENSA LATINA) &#8212; El gobierno de Somalia suscribi\u00f3 el domingo el Protocolo sobre la Libre Circulaci\u00f3n de Personas para esta regi\u00f3n oriental africana en presencia de funcionarios de la Autoridad Intergubernamental para el Desarrollo (IGAD).<\/p>\n\n\n\n<p>Tras la firma de ese documento en la capitalina sede de la canciller\u00eda, el viceministro de Asuntos Exteriores y Cooperaci\u00f3n Internacional somal\u00ed Isaak Mohamed Mursal explic\u00f3 que el documento deviene paso importante para promover el libre movimiento de bienes, servicios y seres humanos.<\/p>\n\n\n\n<p>Refiri\u00f3 adem\u00e1s que el convenio, ratificado por los siete Estados miembros de la IGAD en febrero de 2020, permite adem\u00e1s el establecimiento de residencia en este territorio.<\/p>\n\n\n\n<p>Somalia, pa\u00eds del este africano, estrecha actualmente sus v\u00ednculos con la Autoridad Intergubernamental para el Desarrollo, organizaci\u00f3n que refuerza su compromiso de promover la paz y la estabilidad en \u00c1frica Oriental, con prioridad para los asuntos humanitarios.<\/p>\n\n\n\n<p>&#8212; NNN-PRENSA LATINA<\/p>\n","protected":false},"excerpt":{"rendered":"<p>MOGADISCIO, 6 mar (NNN-PRENSA LATINA) &#8212; El gobierno de Somalia suscribi\u00f3 el domingo el Protocolo sobre la Libre Circulaci\u00f3n de Personas para esta regi\u00f3n oriental africana en presencia de funcionarios de la Autoridad Intergubernamental para el Desarrollo (IGAD). Tras la firma de ese documento en la capitalina sede de la canciller\u00eda, el viceministro de Asuntos [&hellip;]<\/p>\n","protected":false},"author":2,"featured_media":0,"comment_status":"closed","ping_status":"closed","sticky":false,"template":"","format":"standard","meta":[],"categories":[217,211],"tags":[],"_links":{"self":[{"href":"http:\/\/www.namnewsnetwork.org\/es\/index.php?rest_route=\/wp\/v2\/posts\/85694"}],"collection":[{"href":"http:\/\/www.namnewsnetwork.org\/es\/index.php?rest_route=\/wp\/v2\/posts"}],"about":[{"href":"http:\/\/www.namnewsnetwork.org\/es\/index.php?rest_route=\/wp\/v2\/types\/post"}],"author":[{"embeddable":true,"href":"http:\/\/www.namnewsnetwork.org\/es\/index.php?rest_route=\/wp\/v2\/users\/2"}],"replies":[{"embeddable":true,"href":"http:\/\/www.namnewsnetwork.org\/es\/index.php?rest_route=%2Fwp%2Fv2%2Fcomments&post=85694"}],"version-history":[{"count":2,"href":"http:\/\/www.namnewsnetwork.org\/es\/index.php?rest_route=\/wp\/v2\/posts\/85694\/revisions"}],"predecessor-version":[{"id":85705,"href":"http:\/\/www.namnewsnetwork.org\/es\/index.php?rest_route=\/wp\/v2\/posts\/85694\/revisions\/85705"}],"wp:attachment":[{"href":"http:\/\/www.namnewsnetwork.org\/es\/index.php?rest_route=%2Fwp%2Fv2%2Fmedia&parent=85694"}],"wp:term":[{"taxonomy":"category","embeddable":true,"href":"http:\/\/www.namnewsnetwork.org\/es\/index.php?rest_route=%2Fwp%2Fv2%2Fcategories&post=85694"},{"taxonomy":"post_tag","embeddable":true,"href":"http:\/\/www.namnewsnetwork.org\/es\/index.php?rest_route=%2Fwp%2Fv2%2Ftags&post=85694"}],"curies":[{"name":"wp","href":"https:\/\/api.w.org\/{rel}","templated":true}]}}