{"id":85664,"date":"2023-03-06T15:59:53","date_gmt":"2023-03-06T07:59:53","guid":{"rendered":"http:\/\/www.namnewsnetwork.org\/es\/?p=85664"},"modified":"2023-03-06T15:59:54","modified_gmt":"2023-03-06T07:59:54","slug":"protestan-en-el-congo-contra-visita-de-presidente-frances","status":"publish","type":"post","link":"http:\/\/www.namnewsnetwork.org\/es\/?p=85664","title":{"rendered":"Protestan en el Congo contra visita de presidente franc\u00e9s"},"content":{"rendered":"\n<p>KINSHASA, 6 mar (NNN-SANA) &#8212; Decenas de manifestantes protestaron en la capital de la Rep\u00fablica Democr\u00e1tica del Congo (RDC) contra la visita del presidente de Francia, Enmanuel Macron.<\/p>\n\n\n\n<p>Seg\u00fan inform\u00f3 el portal digital Africa News, el activista del grupo c\u00edvico Amis de Bruno Mimbenga, Emmanuel Juiles, expres\u00f3 que la poblaci\u00f3n congole\u00f1a rechaza aqu\u00ed la estancia del mandatario franc\u00e9s, en medio de un renovado sentimiento contra las pol\u00edticas coloniales y de fuerza implementadas por el Estado europeo.<\/p>\n\n\n\n<p>Los movilizados criticaron el apoyo del Gobierno galo al Ej\u00e9rcito de la vecina Ruanda, al cual las autoridades de este territorio acusan de apoyar al insurgente Movimiento 23 de Marzo (M23) que opera en el este congole\u00f1o.<\/p>\n\n\n\n<p>Con anterioridad, el gobernante galo declar\u00f3 que la era de la injerencia francesa en \u00c1frica concluy\u00f3 y \u201cque no hab\u00eda ning\u00fan deseo de volver al pasado\u201d.<br>&#8212; NNN-SANA<\/p>\n","protected":false},"excerpt":{"rendered":"<p>KINSHASA, 6 mar (NNN-SANA) &#8212; Decenas de manifestantes protestaron en la capital de la Rep\u00fablica Democr\u00e1tica del Congo (RDC) contra la visita del presidente de Francia, Enmanuel Macron. Seg\u00fan inform\u00f3 el portal digital Africa News, el activista del grupo c\u00edvico Amis de Bruno Mimbenga, Emmanuel Juiles, expres\u00f3 que la poblaci\u00f3n congole\u00f1a rechaza aqu\u00ed la estancia [&hellip;]<\/p>\n","protected":false},"author":2,"featured_media":85683,"comment_status":"closed","ping_status":"closed","sticky":false,"template":"","format":"standard","meta":[],"categories":[217,211,273],"tags":[],"_links":{"self":[{"href":"http:\/\/www.namnewsnetwork.org\/es\/index.php?rest_route=\/wp\/v2\/posts\/85664"}],"collection":[{"href":"http:\/\/www.namnewsnetwork.org\/es\/index.php?rest_route=\/wp\/v2\/posts"}],"about":[{"href":"http:\/\/www.namnewsnetwork.org\/es\/index.php?rest_route=\/wp\/v2\/types\/post"}],"author":[{"embeddable":true,"href":"http:\/\/www.namnewsnetwork.org\/es\/index.php?rest_route=\/wp\/v2\/users\/2"}],"replies":[{"embeddable":true,"href":"http:\/\/www.namnewsnetwork.org\/es\/index.php?rest_route=%2Fwp%2Fv2%2Fcomments&post=85664"}],"version-history":[{"count":1,"href":"http:\/\/www.namnewsnetwork.org\/es\/index.php?rest_route=\/wp\/v2\/posts\/85664\/revisions"}],"predecessor-version":[{"id":85684,"href":"http:\/\/www.namnewsnetwork.org\/es\/index.php?rest_route=\/wp\/v2\/posts\/85664\/revisions\/85684"}],"wp:featuredmedia":[{"embeddable":true,"href":"http:\/\/www.namnewsnetwork.org\/es\/index.php?rest_route=\/wp\/v2\/media\/85683"}],"wp:attachment":[{"href":"http:\/\/www.namnewsnetwork.org\/es\/index.php?rest_route=%2Fwp%2Fv2%2Fmedia&parent=85664"}],"wp:term":[{"taxonomy":"category","embeddable":true,"href":"http:\/\/www.namnewsnetwork.org\/es\/index.php?rest_route=%2Fwp%2Fv2%2Fcategories&post=85664"},{"taxonomy":"post_tag","embeddable":true,"href":"http:\/\/www.namnewsnetwork.org\/es\/index.php?rest_route=%2Fwp%2Fv2%2Ftags&post=85664"}],"curies":[{"name":"wp","href":"https:\/\/api.w.org\/{rel}","templated":true}]}}