{"id":84589,"date":"2023-02-14T13:58:22","date_gmt":"2023-02-14T05:58:22","guid":{"rendered":"http:\/\/www.namnewsnetwork.org\/es\/?p=84589"},"modified":"2023-02-14T13:58:23","modified_gmt":"2023-02-14T05:58:23","slug":"mexico-donara-usd-6-millones-a-las-victimas-del-terremoto-en-siria","status":"publish","type":"post","link":"http:\/\/www.namnewsnetwork.org\/es\/?p=84589","title":{"rendered":"M\u00e9xico donar\u00e1 USD 6 millones a las v\u00edctimas del terremoto en Siria"},"content":{"rendered":"\n<p>CIUDAD DE M\u00c9XICO, 14 feb (NNN-HISPANTV) &#8212; El secretario de Relaciones Exteriores de M\u00e9xico, Marcelo Ebrard, anunci\u00f3 el lunes que su pa\u00eds apoyar\u00e1 de esta forma al pa\u00eds afectado con el apoyo de la Organizaci\u00f3n de las Naciones Unidas (ONU).<\/p>\n\n\n\n<p>\u201cPor instrucci\u00f3n del presidente (Andr\u00e9s Manuel) L\u00f3pez Obrador, M\u00e9xico dona 6 millones de d\u00f3lares, a trav\u00e9s de la ONU, a las v\u00edctimas del sismo en Siria\u201d, ha escrito en un mensaje en su cuenta de Twitter el canciller mexicano.<\/p>\n\n\n\n<p>Asimismo, en la rueda de prensa diaria del mandatario mexicano, Ebrard ha precisado que \u201cesto depende de una oficina de Naciones Unidas a cargo de asuntos humanitarios. Ellos est\u00e1n desde hace varios d\u00edas en la regi\u00f3n. Haremos ese dep\u00f3sito el martes\u201d.<\/p>\n\n\n\n<p>Esta ayuda a Siria se suma a una misi\u00f3n de 150 elementos del Ej\u00e9rcito, la Marina y la Cruz Roja Mexicana que el pa\u00eds latinoamericano ha enviado a Turqu\u00eda para ayudar en las labores de b\u00fasqueda y rescate de personas afectadas por los potentes terremotos.<\/p>\n\n\n\n<p>El n\u00famero de muertos por los terremotos que sacudieron Siria el lunes ha aumentado a m\u00e1s de 4300. La cifra de muertos en la vecina Turqu\u00eda tambi\u00e9n se eleva a m\u00e1s de 31 643.<\/p>\n\n\n\n<p>Los sirios esperan ayuda humanitaria internacional que no ha llegado de momento, puesto que las sanciones criminales de Estados Unidos han causado que los env\u00edos lleguen al pa\u00eds \u00e1rabe a cuentagotas.<br>&#8212; NNN-HISPANTV<\/p>\n","protected":false},"excerpt":{"rendered":"<p>CIUDAD DE M\u00c9XICO, 14 feb (NNN-HISPANTV) &#8212; El secretario de Relaciones Exteriores de M\u00e9xico, Marcelo Ebrard, anunci\u00f3 el lunes que su pa\u00eds apoyar\u00e1 de esta forma al pa\u00eds afectado con el apoyo de la Organizaci\u00f3n de las Naciones Unidas (ONU). \u201cPor instrucci\u00f3n del presidente (Andr\u00e9s Manuel) L\u00f3pez Obrador, M\u00e9xico dona 6 millones de d\u00f3lares, a [&hellip;]<\/p>\n","protected":false},"author":2,"featured_media":84595,"comment_status":"closed","ping_status":"closed","sticky":false,"template":"","format":"standard","meta":[],"categories":[215,277,211,271],"tags":[],"_links":{"self":[{"href":"http:\/\/www.namnewsnetwork.org\/es\/index.php?rest_route=\/wp\/v2\/posts\/84589"}],"collection":[{"href":"http:\/\/www.namnewsnetwork.org\/es\/index.php?rest_route=\/wp\/v2\/posts"}],"about":[{"href":"http:\/\/www.namnewsnetwork.org\/es\/index.php?rest_route=\/wp\/v2\/types\/post"}],"author":[{"embeddable":true,"href":"http:\/\/www.namnewsnetwork.org\/es\/index.php?rest_route=\/wp\/v2\/users\/2"}],"replies":[{"embeddable":true,"href":"http:\/\/www.namnewsnetwork.org\/es\/index.php?rest_route=%2Fwp%2Fv2%2Fcomments&post=84589"}],"version-history":[{"count":1,"href":"http:\/\/www.namnewsnetwork.org\/es\/index.php?rest_route=\/wp\/v2\/posts\/84589\/revisions"}],"predecessor-version":[{"id":84596,"href":"http:\/\/www.namnewsnetwork.org\/es\/index.php?rest_route=\/wp\/v2\/posts\/84589\/revisions\/84596"}],"wp:featuredmedia":[{"embeddable":true,"href":"http:\/\/www.namnewsnetwork.org\/es\/index.php?rest_route=\/wp\/v2\/media\/84595"}],"wp:attachment":[{"href":"http:\/\/www.namnewsnetwork.org\/es\/index.php?rest_route=%2Fwp%2Fv2%2Fmedia&parent=84589"}],"wp:term":[{"taxonomy":"category","embeddable":true,"href":"http:\/\/www.namnewsnetwork.org\/es\/index.php?rest_route=%2Fwp%2Fv2%2Fcategories&post=84589"},{"taxonomy":"post_tag","embeddable":true,"href":"http:\/\/www.namnewsnetwork.org\/es\/index.php?rest_route=%2Fwp%2Fv2%2Ftags&post=84589"}],"curies":[{"name":"wp","href":"https:\/\/api.w.org\/{rel}","templated":true}]}}