{"id":7560,"date":"2019-03-02T22:50:05","date_gmt":"2019-03-02T14:50:05","guid":{"rendered":"http:\/\/www.namnewsnetwork.org\/es\/?p=7560"},"modified":"2019-03-02T22:50:59","modified_gmt":"2019-03-02T14:50:59","slug":"asciende-a-555-los-muertos-por-ebola-en-la-republica-democratica-del-congo","status":"publish","type":"post","link":"http:\/\/www.namnewsnetwork.org\/es\/?p=7560","title":{"rendered":"Asciende a 555 los muertos por \u00e9bola en la Rep\u00fablica Democr\u00e1tica del Congo"},"content":{"rendered":"\n<p>CARACAS, 2 mar (NNN-TELESUR) &#8212; El Ministerio de Sanidad de la Rep\u00fablica Democr\u00e1tica del Congo inform\u00f3 que ascenci\u00f3 a 555 la cifra de muertos registrados hasta la fecha por el brote de \u00e9bola afecta al pa\u00eds desde julio de 2018.<\/p>\n\n\n\n<div class=\"wp-block-image\"><figure class=\"alignleft is-resized\"><img loading=\"lazy\" src=\"http:\/\/www.namnewsnetwork.org\/es\/wp-content\/uploads\/2019\/03\/pixabay.com_.jpg\" alt=\"\" class=\"wp-image-7563\" width=\"403\" height=\"302\"\/><figcaption>Foto cortes\u00eda de pixabay.com<\/figcaption><\/figure><\/div>\n\n\n\n<p>A trav\u00e9s de su cuenta en Twitter, el enter indic\u00f3 el jueves que han confirmado 820 casos de \u00e9bola, mientras que 65 son probables, para un total de 885 casos.<\/p>\n\n\n\n<p>Adem\u00e1s, expres\u00f3 que en las \u00faltimas horas fueron reportados seis nuevos casos, dos confirmados, una muerte y unos 227 sospechosos de tener el virus.<\/p>\n\n\n\n<p>El Ministerio precis\u00f3 que la poblaci\u00f3n de Katwa posee el mayor n\u00famero de casos confirmados con 239, seguido de Beni con 226, Mabalako con 90, Butembo con 78 y Kalunguta con 45.<\/p>\n\n\n\n<p>Por su parte, la Organizaci\u00f3n Mundial de la Salud (OMS) confirm\u00f3 que el \u00e9bola contin\u00faa su propagaci\u00f3n con &#8220;moderada intensidad&#8221;, ya que en las \u00faltimas tres semanas fueron registrados al menos 79 casos en 40 localidades.<\/p>\n\n\n\n<p>Asimismo, indic\u00f3 que la organizaci\u00f3n se mantiene en estado de alerta por los altos n\u00fameros que siguen ascendiendo diariamente por la transmisi\u00f3n de la enfermedad.<\/p>\n\n\n\n<p>&#8212; NNN-TELESUR <\/p>\n","protected":false},"excerpt":{"rendered":"<p>CARACAS, 2 mar (NNN-TELESUR) &#8212; El Ministerio de Sanidad de la Rep\u00fablica Democr\u00e1tica del Congo inform\u00f3 que ascenci\u00f3 a 555 la cifra de muertos registrados hasta la fecha por el brote de \u00e9bola afecta al pa\u00eds desde julio de 2018. A trav\u00e9s de su cuenta en Twitter, el enter indic\u00f3 el jueves que han confirmado [&hellip;]<\/p>\n","protected":false},"author":2,"featured_media":0,"comment_status":"open","ping_status":"open","sticky":false,"template":"","format":"standard","meta":[],"categories":[217,198],"tags":[],"_links":{"self":[{"href":"http:\/\/www.namnewsnetwork.org\/es\/index.php?rest_route=\/wp\/v2\/posts\/7560"}],"collection":[{"href":"http:\/\/www.namnewsnetwork.org\/es\/index.php?rest_route=\/wp\/v2\/posts"}],"about":[{"href":"http:\/\/www.namnewsnetwork.org\/es\/index.php?rest_route=\/wp\/v2\/types\/post"}],"author":[{"embeddable":true,"href":"http:\/\/www.namnewsnetwork.org\/es\/index.php?rest_route=\/wp\/v2\/users\/2"}],"replies":[{"embeddable":true,"href":"http:\/\/www.namnewsnetwork.org\/es\/index.php?rest_route=%2Fwp%2Fv2%2Fcomments&post=7560"}],"version-history":[{"count":2,"href":"http:\/\/www.namnewsnetwork.org\/es\/index.php?rest_route=\/wp\/v2\/posts\/7560\/revisions"}],"predecessor-version":[{"id":7565,"href":"http:\/\/www.namnewsnetwork.org\/es\/index.php?rest_route=\/wp\/v2\/posts\/7560\/revisions\/7565"}],"wp:attachment":[{"href":"http:\/\/www.namnewsnetwork.org\/es\/index.php?rest_route=%2Fwp%2Fv2%2Fmedia&parent=7560"}],"wp:term":[{"taxonomy":"category","embeddable":true,"href":"http:\/\/www.namnewsnetwork.org\/es\/index.php?rest_route=%2Fwp%2Fv2%2Fcategories&post=7560"},{"taxonomy":"post_tag","embeddable":true,"href":"http:\/\/www.namnewsnetwork.org\/es\/index.php?rest_route=%2Fwp%2Fv2%2Ftags&post=7560"}],"curies":[{"name":"wp","href":"https:\/\/api.w.org\/{rel}","templated":true}]}}