{"id":7559,"date":"2019-03-02T22:42:16","date_gmt":"2019-03-02T14:42:16","guid":{"rendered":"http:\/\/www.namnewsnetwork.org\/es\/?p=7559"},"modified":"2019-03-02T22:42:18","modified_gmt":"2019-03-02T14:42:18","slug":"onu-llama-a-erradicar-las-minas-antipersonales","status":"publish","type":"post","link":"http:\/\/www.namnewsnetwork.org\/es\/?p=7559","title":{"rendered":"ONU llama a erradicar las minas antipersonales"},"content":{"rendered":"\n<p>NACIONES UNIDAS, 2 mar (NNN-UNIS) &#8212; A 20 a\u00f1os de la entrada en vigor de la Convenci\u00f3n que proh\u00edbe las minas antipersonales, Ant\u00f3nio Guterres, inst\u00f3 a hacer de esos artefactos cosa del pasado y pidi\u00f3 a los Estados que garanticen la asistencia a las v\u00edctimas.<\/p>\n\n\n\n<div class=\"wp-block-image\"><figure class=\"aligncenter\"><img src=\"http:\/\/www.namnewsnetwork.org\/es\/wp-content\/uploads\/2019\/03\/unis-1-1024x460.jpg\" alt=\"\" class=\"wp-image-7561\"\/><figcaption> <br> Un equipo de desminado de la ONU en Sud\u00e1n del Sur. Foto cortes\u00eda de UNMISS \/ JC McIlwaine<br><\/figcaption><\/figure><\/div>\n\n\n\n<p>El 1 de marzo de 1999 cobr\u00f3 vigencia la Convenci\u00f3n sobre la Prohibici\u00f3n de Minas Antipersonal, un instrumento que ha salvado innumerables vidas, adem\u00e1s de haber reducido la mutilaci\u00f3n y otras heridas y de haber permitido la revitalizaci\u00f3n de los medios de vida de comunidades enteras.<\/p>\n\n\n\n<p>El Secretario General de la ONU celebr\u00f3 el aniversario del tambi\u00e9n conocido como Tratado de Ottawa, por haberse abierto a la firma en esa ciudad canadiense, encomiando a los Estados partes de ese pacto por su compromiso de librar al mundo de un arma que mata y mutila indiscriminadamente a las personas, en su mayor\u00eda civiles, y que impide la paz y el desarrollo.<\/p>\n\n\n\n<p>En un comunicado, Ant\u00f3nio Guterres felicit\u00f3 a los 31 Estados que han declarado su territorio libre de minas y urgi\u00f3 a todos los que no lo hayan hecho a firmar y ratificar la Convenci\u00f3n.<\/p>\n\n\n\n<p>Asimismo, Guterres llam\u00f3 a acelerar los esfuerzos para hacer de las minas antipersonales una reliquia del pasado y exhort\u00f3 a los Estados a garantizar asistencia y servicios sostenibles para los miles de v\u00edctimas de esas armas.<\/p>\n\n\n\n<p>Actualmente, la Convenci\u00f3n sobre la Prohibici\u00f3n de Minas Antipersonal tiene 164 Estados partes. Entre los 32 no firmantes del instrumento -la mayor\u00eda de los cuales no utiliza esos artefactos- se cuentan Estados Unidos, Rusia, China, Israel y Arabia Saudita.<\/p>\n\n\n\n<p>&#8212; NNN-UNIS<\/p>\n","protected":false},"excerpt":{"rendered":"<p>NACIONES UNIDAS, 2 mar (NNN-UNIS) &#8212; A 20 a\u00f1os de la entrada en vigor de la Convenci\u00f3n que proh\u00edbe las minas antipersonales, Ant\u00f3nio Guterres, inst\u00f3 a hacer de esos artefactos cosa del pasado y pidi\u00f3 a los Estados que garanticen la asistencia a las v\u00edctimas. El 1 de marzo de 1999 cobr\u00f3 vigencia la Convenci\u00f3n [&hellip;]<\/p>\n","protected":false},"author":2,"featured_media":0,"comment_status":"open","ping_status":"open","sticky":false,"template":"","format":"standard","meta":[],"categories":[217,276,211],"tags":[],"_links":{"self":[{"href":"http:\/\/www.namnewsnetwork.org\/es\/index.php?rest_route=\/wp\/v2\/posts\/7559"}],"collection":[{"href":"http:\/\/www.namnewsnetwork.org\/es\/index.php?rest_route=\/wp\/v2\/posts"}],"about":[{"href":"http:\/\/www.namnewsnetwork.org\/es\/index.php?rest_route=\/wp\/v2\/types\/post"}],"author":[{"embeddable":true,"href":"http:\/\/www.namnewsnetwork.org\/es\/index.php?rest_route=\/wp\/v2\/users\/2"}],"replies":[{"embeddable":true,"href":"http:\/\/www.namnewsnetwork.org\/es\/index.php?rest_route=%2Fwp%2Fv2%2Fcomments&post=7559"}],"version-history":[{"count":1,"href":"http:\/\/www.namnewsnetwork.org\/es\/index.php?rest_route=\/wp\/v2\/posts\/7559\/revisions"}],"predecessor-version":[{"id":7562,"href":"http:\/\/www.namnewsnetwork.org\/es\/index.php?rest_route=\/wp\/v2\/posts\/7559\/revisions\/7562"}],"wp:attachment":[{"href":"http:\/\/www.namnewsnetwork.org\/es\/index.php?rest_route=%2Fwp%2Fv2%2Fmedia&parent=7559"}],"wp:term":[{"taxonomy":"category","embeddable":true,"href":"http:\/\/www.namnewsnetwork.org\/es\/index.php?rest_route=%2Fwp%2Fv2%2Fcategories&post=7559"},{"taxonomy":"post_tag","embeddable":true,"href":"http:\/\/www.namnewsnetwork.org\/es\/index.php?rest_route=%2Fwp%2Fv2%2Ftags&post=7559"}],"curies":[{"name":"wp","href":"https:\/\/api.w.org\/{rel}","templated":true}]}}