{"id":7368,"date":"2019-02-27T23:20:51","date_gmt":"2019-02-27T15:20:51","guid":{"rendered":"http:\/\/www.namnewsnetwork.org\/es\/?p=7368"},"modified":"2019-02-27T23:20:52","modified_gmt":"2019-02-27T15:20:52","slug":"camara-baja-de-ee-uu-avala-texto-para-bloquear-emergencia-de-trump","status":"publish","type":"post","link":"http:\/\/www.namnewsnetwork.org\/es\/?p=7368","title":{"rendered":"C\u00e1mara Baja de EE.UU. avala texto para bloquear emergencia de Trump"},"content":{"rendered":"\n<p>WASHINGTON, 27 feb (NNN-PRENSA LATINA) &#8212; La C\u00e1mara de Representantes del Congreso de Estados Unidos aprob\u00f3 el martes un proyecto de resoluci\u00f3n para bloquear la emergencia nacional a la que recurri\u00f3 el presidente Donald Trump para financiar su muro en la frontera con M\u00e9xico.<\/p>\n\n\n\n<figure class=\"wp-block-image\"><img src=\"http:\/\/www.namnewsnetwork.org\/es\/wp-content\/uploads\/2019\/02\/prensa-latina.cu_-6.jpg\" alt=\"\" class=\"wp-image-7375\"\/><figcaption>Foto PL<\/figcaption><\/figure>\n\n\n\n<p>El documento -que ya anticipaba una victoria dem\u00f3crata en esta instancia legislativa- obtuvo 245 votos a favor y 182 en contra, pero ahora tendr\u00e1 que transitar por el Senado -de mayor\u00eda republicana-, donde los resultados son inciertos.<\/p>\n\n\n\n<p>Sin embargo, Trump dijo desde que la fuerza azul present\u00f3 la iniciativa el viernes de la semana pasada que la resoluci\u00f3n no sobrevivir\u00eda al veto.<\/p>\n\n\n\n<p>El gobernante republicano, quien invoc\u00f3 los poderes de emergencia bajo una ley de 1976, desat\u00f3 una tormenta pol\u00edtica en Washington tras el anuncio su orden ejecutiva.<\/p>\n\n\n\n<p>Como rese\u00f1\u00f3 el diario The Hill, con esta acci\u00f3n desesperada, Trump persegu\u00eda asegurar los fondos del &#8216;gran y hermoso&#8217; muro en la frontera sur, una promesa a\u00fan incumplida de su campa\u00f1a de 2016.<\/p>\n\n\n\n<p>Los dem\u00f3cratas valoraron el sufragio de este martes como un referendo para proteger la separaci\u00f3n de poderes y el derecho constitucional del Congreso al determinar los niveles de gastos federales.<\/p>\n\n\n\n<p>As\u00ed lo confirm\u00f3 la presidenta de la C\u00e1mara Baja, Nancy Pelosi, en una conferencia de prensa el viernes en Laredo, Texas, donde ratific\u00f3 la necesidad de defender la carta magna.<\/p>\n\n\n\n<p>Desde que Trump declar\u00f3 la emergencia, la dem\u00f3crata por California tild\u00f3 de ilegal el acto del presidente, el cual &#8216;violenta nuestra Constituci\u00f3n y, por lo tanto, nuestra democracia&#8217;, subray\u00f3.<\/p>\n\n\n\n<p>La disposici\u00f3n se produjo despu\u00e9s de que el Congreso rechaz\u00f3 la solicitud del mandatario de cinco mil 700 millones de d\u00f3lares para la pared fronteriza en un enorme paquete presupuestario, que apenas asign\u00f3 mil 375 millones para construir barreras en la l\u00ednea divisoria.<\/p>\n\n\n\n<p>Cuando rubric\u00f3 la ley de gastos &#8216;solo de mala gana&#8217; -como rese\u00f1\u00f3 The Hill-, el jefe de la Casa Blanca impidi\u00f3 un segundo cierre del Gobierno federal que en nada favorecer\u00eda a \u00e9l y a los republicanos, cuya imagen se vio afectada con una paralizaci\u00f3n de la administraci\u00f3n durante 35 d\u00edas en diciembre y enero.<\/p>\n\n\n\n<p>El proyecto sometido a sufragio lo introdujo el representante Joaqu\u00edn Castro, dem\u00f3crata de Texas, y en su camino a la C\u00e1mara ya llevaba el espaldarazo de al menos 225 legisladores.<\/p>\n\n\n\n<p>La v\u00edspera, m\u00e1s de 25 excongresistas republicanos y alrededor de 60 exaltos funcionarios de seguridad nacional, entre ellos la exsecretaria de Estado Madeleine Albright, el exdirector de Inteligencia Nacional James Clapper y el exsecretario de Defensa Chuck Hagel, apelaron al Legislativo para que detenga la orden presidencial.<\/p>\n\n\n\n<p>Tambi\u00e9n la Uni\u00f3n Estadounidense por las Libertades Civiles exhort\u00f3 ayer a los miembros de la C\u00e1mara de Representantes -controlada por los dem\u00f3cratas- a que apoyaran el proyecto que frenar\u00eda la acci\u00f3n ejecutiva.<br>\n&#8212; NNN-PRENSA LATINA<\/p>\n\n\n<p><!--EndFragment--><\/p>\n<p><\/p>\n<p><!--EndFragment--><\/p>\n<p><\/p>\n<p><!--EndFragment--><br>\n<br>\n<\/p>","protected":false},"excerpt":{"rendered":"<p>WASHINGTON, 27 feb (NNN-PRENSA LATINA) &#8212; La C\u00e1mara de Representantes del Congreso de Estados Unidos aprob\u00f3 el martes un proyecto de resoluci\u00f3n para bloquear la emergencia nacional a la que recurri\u00f3 el presidente Donald Trump para financiar su muro en la frontera con M\u00e9xico. El documento -que ya anticipaba una victoria dem\u00f3crata en esta instancia [&hellip;]<\/p>\n","protected":false},"author":2,"featured_media":0,"comment_status":"open","ping_status":"open","sticky":false,"template":"","format":"standard","meta":[],"categories":[215,211],"tags":[],"_links":{"self":[{"href":"http:\/\/www.namnewsnetwork.org\/es\/index.php?rest_route=\/wp\/v2\/posts\/7368"}],"collection":[{"href":"http:\/\/www.namnewsnetwork.org\/es\/index.php?rest_route=\/wp\/v2\/posts"}],"about":[{"href":"http:\/\/www.namnewsnetwork.org\/es\/index.php?rest_route=\/wp\/v2\/types\/post"}],"author":[{"embeddable":true,"href":"http:\/\/www.namnewsnetwork.org\/es\/index.php?rest_route=\/wp\/v2\/users\/2"}],"replies":[{"embeddable":true,"href":"http:\/\/www.namnewsnetwork.org\/es\/index.php?rest_route=%2Fwp%2Fv2%2Fcomments&post=7368"}],"version-history":[{"count":1,"href":"http:\/\/www.namnewsnetwork.org\/es\/index.php?rest_route=\/wp\/v2\/posts\/7368\/revisions"}],"predecessor-version":[{"id":7376,"href":"http:\/\/www.namnewsnetwork.org\/es\/index.php?rest_route=\/wp\/v2\/posts\/7368\/revisions\/7376"}],"wp:attachment":[{"href":"http:\/\/www.namnewsnetwork.org\/es\/index.php?rest_route=%2Fwp%2Fv2%2Fmedia&parent=7368"}],"wp:term":[{"taxonomy":"category","embeddable":true,"href":"http:\/\/www.namnewsnetwork.org\/es\/index.php?rest_route=%2Fwp%2Fv2%2Fcategories&post=7368"},{"taxonomy":"post_tag","embeddable":true,"href":"http:\/\/www.namnewsnetwork.org\/es\/index.php?rest_route=%2Fwp%2Fv2%2Ftags&post=7368"}],"curies":[{"name":"wp","href":"https:\/\/api.w.org\/{rel}","templated":true}]}}