{"id":72572,"date":"2022-06-09T17:31:16","date_gmt":"2022-06-09T09:31:16","guid":{"rendered":"http:\/\/www.namnewsnetwork.org\/es\/?p=72572"},"modified":"2022-06-09T17:31:17","modified_gmt":"2022-06-09T09:31:17","slug":"confirma-sao-paulo-primer-caso-de-viruela-del-mono-en-brasil","status":"publish","type":"post","link":"http:\/\/www.namnewsnetwork.org\/es\/?p=72572","title":{"rendered":"Confirma Sao Paulo primer caso de viruela del mono en Brasil"},"content":{"rendered":"\n<p>BRASILIA, 9 de junio (NNN-PRENSA LATINA) &#8212; El primer caso confirmado de la viruela del mono en Brasil qued\u00f3 registrado el mi\u00e9rcoles en la ciudad de Sao Paulo en un hombre que viaj\u00f3 a Espa\u00f1a, segundo pa\u00eds con mayor n\u00famero de enfermos.Seg\u00fan el portal G1, el paciente de 41 a\u00f1os, quien ahora est\u00e1 bien de salud, permanece aislado en el Instituto de Infectolog\u00eda Em\u00edlio Ribas, en la Zona Oeste de la capital estadual.<\/p>\n\n\n\n<p>El Instituto Adolfo Lutz analiza el caso y m\u00e9dicos comunicaron a TV Globo que, por el estudio cl\u00ednico, los s\u00edntomas y las caracter\u00edsticas de las heridas son muy compatibles con los efectos de la dolencia.<\/p>\n\n\n\n<p>De acuerdo con un comunicado del Departamento de Salud del estado, \u00ablas muestras del caso todav\u00eda est\u00e1n siendo analizadas por el Instituto Adolfo Lutz\u00bb y el paciente \u00abtuvo inicio de los s\u00edntomas, como fiebre y mialgia (dolor muscular), el 28 de mayo\u00bb.<\/p>\n\n\n\n<p>Adem\u00e1s, la alcald\u00eda paulista anunci\u00f3 que monitorea el estado de salud de una mujer de 26 a\u00f1os, sin historial de viaje al exterior, hospitalizada con sospecha de haber contra\u00eddo el padecimiento.<\/p>\n\n\n\n<p>En una nota publicada el mi\u00e9rcoles, el Ministerio de Salud inform\u00f3 que ocho casos est\u00e1n en investigaci\u00f3n en todo el pa\u00eds.<\/p>\n\n\n\n<p>La carpeta mencion\u00f3 que los estados de Cear\u00e1, Mato Grosso do Sul, Rio Grande do Sul y Sao Paulo tienen un sospechoso cada uno, y todav\u00eda hay dos en monitoreo en Rond\u00f4nia y otros dos en Santa Catarina.<\/p>\n\n\n\n<p>El pasado domingo, la Organizaci\u00f3n Mundial de la Salud inform\u00f3 que confirm\u00f3 780 contagios con viruela del mono en todo el planeta.<\/p>\n\n\n\n<p>Los datos corresponden al intervalo entre el 13 de mayo y el 2 de junio, y tienen en cuenta solo pacientes identificados en lugares en los cuales la enfermedad no es end\u00e9mica. Hasta la fecha no hubo muertes reportadas.<\/p>\n\n\n\n<p>Determinada literatura m\u00e9dica asegura que la viruela del mono resulta una enfermedad zoon\u00f3tica: transmisible entre animales y seres humanos, con s\u00edntomas como fiebre, dolor de cabeza y muscular.<\/p>\n\n\n\n<p>Tambi\u00e9n provoca inflamaci\u00f3n en los ganglios linf\u00e1ticos, escalofr\u00edos, agotamiento, as\u00ed como erupciones en manos y cara, similares a los producidos por la viruela tradicional, aunque menos graves.<\/p>\n\n\n\n<p>Para contagiarse debe ocurrir un contacto estrecho con material infeccioso al tocar las lesiones cut\u00e1neas, parecidas a las de la varicela, que aparecen en los infectados, e igual por las gotitas respiratorias en un cara a cara prologado o a trav\u00e9s de objetos contaminados.<\/p>\n\n\n\n<p>Actualmente, no hay una vacuna espec\u00edfica contra la enfermedad, pero los datos muestran que los f\u00e1rmacos usados para erradicar la viruela son hasta un 85 por ciento eficaces contra el virus.<br>&#8212; NNN-PRENSA LATINA<\/p>\n","protected":false},"excerpt":{"rendered":"<p>BRASILIA, 9 de junio (NNN-PRENSA LATINA) &#8212; El primer caso confirmado de la viruela del mono en Brasil qued\u00f3 registrado el mi\u00e9rcoles en la ciudad de Sao Paulo en un hombre que viaj\u00f3 a Espa\u00f1a, segundo pa\u00eds con mayor n\u00famero de enfermos.Seg\u00fan el portal G1, el paciente de 41 a\u00f1os, quien ahora est\u00e1 bien de [&hellip;]<\/p>\n","protected":false},"author":2,"featured_media":72580,"comment_status":"closed","ping_status":"closed","sticky":false,"template":"","format":"standard","meta":[],"categories":[215,277,211,198],"tags":[],"_links":{"self":[{"href":"http:\/\/www.namnewsnetwork.org\/es\/index.php?rest_route=\/wp\/v2\/posts\/72572"}],"collection":[{"href":"http:\/\/www.namnewsnetwork.org\/es\/index.php?rest_route=\/wp\/v2\/posts"}],"about":[{"href":"http:\/\/www.namnewsnetwork.org\/es\/index.php?rest_route=\/wp\/v2\/types\/post"}],"author":[{"embeddable":true,"href":"http:\/\/www.namnewsnetwork.org\/es\/index.php?rest_route=\/wp\/v2\/users\/2"}],"replies":[{"embeddable":true,"href":"http:\/\/www.namnewsnetwork.org\/es\/index.php?rest_route=%2Fwp%2Fv2%2Fcomments&post=72572"}],"version-history":[{"count":1,"href":"http:\/\/www.namnewsnetwork.org\/es\/index.php?rest_route=\/wp\/v2\/posts\/72572\/revisions"}],"predecessor-version":[{"id":72581,"href":"http:\/\/www.namnewsnetwork.org\/es\/index.php?rest_route=\/wp\/v2\/posts\/72572\/revisions\/72581"}],"wp:featuredmedia":[{"embeddable":true,"href":"http:\/\/www.namnewsnetwork.org\/es\/index.php?rest_route=\/wp\/v2\/media\/72580"}],"wp:attachment":[{"href":"http:\/\/www.namnewsnetwork.org\/es\/index.php?rest_route=%2Fwp%2Fv2%2Fmedia&parent=72572"}],"wp:term":[{"taxonomy":"category","embeddable":true,"href":"http:\/\/www.namnewsnetwork.org\/es\/index.php?rest_route=%2Fwp%2Fv2%2Fcategories&post=72572"},{"taxonomy":"post_tag","embeddable":true,"href":"http:\/\/www.namnewsnetwork.org\/es\/index.php?rest_route=%2Fwp%2Fv2%2Ftags&post=72572"}],"curies":[{"name":"wp","href":"https:\/\/api.w.org\/{rel}","templated":true}]}}