{"id":72516,"date":"2022-06-07T23:59:44","date_gmt":"2022-06-07T15:59:44","guid":{"rendered":"http:\/\/www.namnewsnetwork.org\/es\/?p=72516"},"modified":"2022-06-07T23:59:44","modified_gmt":"2022-06-07T15:59:44","slug":"gobierno-de-bolivia-confirma-inicio-de-quinta-ola-de-covid-19","status":"publish","type":"post","link":"http:\/\/www.namnewsnetwork.org\/es\/?p=72516","title":{"rendered":"Gobierno de Bolivia confirma inicio de quinta ola de COVID-19"},"content":{"rendered":"\n<p>LA PAZ, 7 de junio (NNN-TELESUR) &#8212; Autoridades sanitarias de Bolivia confirmaron el lunes el inicio de la quinta ola de la COVID-19 en el pa\u00eds suramericano, tras superar la cuarta con un favorable \u00edndice de letalidad del 0.7 por ciento.<\/p>\n\n\n\n<div class=\"wp-block-image\"><figure class=\"alignleft size-full\"><img loading=\"lazy\" width=\"420\" height=\"237\" src=\"http:\/\/www.namnewsnetwork.org\/es\/wp-content\/uploads\/2022\/06\/Gobierno-de-Bolivia-confirma-inicio-de-quinta-ola-de-Covid-19.jpg\" alt=\"\" class=\"wp-image-72519\" srcset=\"http:\/\/www.namnewsnetwork.org\/es\/wp-content\/uploads\/2022\/06\/Gobierno-de-Bolivia-confirma-inicio-de-quinta-ola-de-Covid-19.jpg 420w, http:\/\/www.namnewsnetwork.org\/es\/wp-content\/uploads\/2022\/06\/Gobierno-de-Bolivia-confirma-inicio-de-quinta-ola-de-Covid-19-300x169.jpg 300w\" sizes=\"(max-width: 420px) 100vw, 420px\" \/><figcaption><em><sup>Foto: @SaludDeportesBo<\/sup><\/em><\/figcaption><\/figure><\/div>\n\n\n\n<p>El ministro de Salud y Deportes, jeyson Auza, comunic\u00f3 que: \u201cEstamos cerrando la cuarta ola epidemiol\u00f3gica con un 0.7 por ciento de letalidad, lo que dista mucho de lo que ha sido la primera ola donde report\u00e1bamos 6.2 por ciento de letalidad\u201d.<\/p>\n\n\n\n<p>Al mismo tiempo, Auza se\u00f1al\u00f3 que: \u201cLa tasa de letalidad en la cuarta ola se redujo a 0,7 por ciento, m\u00e1s de 8 veces menos que el 6,2 por ciento de la primera ola. Ello gracias a la implementaci\u00f3n de nuestro Plan Nacional de Vacunaci\u00f3n y a nuestra estrategia integral de lucha contra la COVID-19\u201d.<\/p>\n\n\n\n<p>De igual forma, el titular sanitario apunt\u00f3 que los departamentos m\u00e1s afectados han sido: La Paz, Cochabamba, Tarija, Oruro, Beni y Pando mientras que disminuyeron los contagios en Santa Cruz, Chuquisaca y Potos\u00ed.<\/p>\n\n\n\n<p>Asimismo, el ministro asegur\u00f3 que durante la cuarta ola se lament\u00f3 la p\u00e9rdida de 2.779 personas, lo cual representa una significativa disminuci\u00f3n con respecto a los 9.005 decesos registrados en la primera ola.<\/p>\n\n\n\n<p>En este sentido, resalt\u00f3 que: \u201cEsto no es producto de la generaci\u00f3n espont\u00e1nea, esto es gracias a m\u00e1s de 4.3 millones de pruebas adquiridas, es gracias a 18 laboratorios estatales funcionando para realizar pruebas PCR\u201d.<\/p>\n\n\n\n<p>A su vez, Auza a\u00f1adi\u00f3 que el resultado ha sido posible tambi\u00e9n \u201cgracias a un Inlasa equipado y capacitado para detectar las distintas variantes de la COVID-19, a 22,5 millones de dosis adquiridas para garantizar la vacunaci\u00f3n al cien por ciento de nuestra poblaci\u00f3n boliviana\u201d.<br>&#8212; NNN-TELESUR<\/p>\n","protected":false},"excerpt":{"rendered":"<p>LA PAZ, 7 de junio (NNN-TELESUR) &#8212; Autoridades sanitarias de Bolivia confirmaron el lunes el inicio de la quinta ola de la COVID-19 en el pa\u00eds suramericano, tras superar la cuarta con un favorable \u00edndice de letalidad del 0.7 por ciento. El ministro de Salud y Deportes, jeyson Auza, comunic\u00f3 que: \u201cEstamos cerrando la cuarta [&hellip;]<\/p>\n","protected":false},"author":2,"featured_media":72519,"comment_status":"closed","ping_status":"closed","sticky":false,"template":"","format":"standard","meta":[],"categories":[215,277,211,198],"tags":[],"_links":{"self":[{"href":"http:\/\/www.namnewsnetwork.org\/es\/index.php?rest_route=\/wp\/v2\/posts\/72516"}],"collection":[{"href":"http:\/\/www.namnewsnetwork.org\/es\/index.php?rest_route=\/wp\/v2\/posts"}],"about":[{"href":"http:\/\/www.namnewsnetwork.org\/es\/index.php?rest_route=\/wp\/v2\/types\/post"}],"author":[{"embeddable":true,"href":"http:\/\/www.namnewsnetwork.org\/es\/index.php?rest_route=\/wp\/v2\/users\/2"}],"replies":[{"embeddable":true,"href":"http:\/\/www.namnewsnetwork.org\/es\/index.php?rest_route=%2Fwp%2Fv2%2Fcomments&post=72516"}],"version-history":[{"count":1,"href":"http:\/\/www.namnewsnetwork.org\/es\/index.php?rest_route=\/wp\/v2\/posts\/72516\/revisions"}],"predecessor-version":[{"id":72520,"href":"http:\/\/www.namnewsnetwork.org\/es\/index.php?rest_route=\/wp\/v2\/posts\/72516\/revisions\/72520"}],"wp:featuredmedia":[{"embeddable":true,"href":"http:\/\/www.namnewsnetwork.org\/es\/index.php?rest_route=\/wp\/v2\/media\/72519"}],"wp:attachment":[{"href":"http:\/\/www.namnewsnetwork.org\/es\/index.php?rest_route=%2Fwp%2Fv2%2Fmedia&parent=72516"}],"wp:term":[{"taxonomy":"category","embeddable":true,"href":"http:\/\/www.namnewsnetwork.org\/es\/index.php?rest_route=%2Fwp%2Fv2%2Fcategories&post=72516"},{"taxonomy":"post_tag","embeddable":true,"href":"http:\/\/www.namnewsnetwork.org\/es\/index.php?rest_route=%2Fwp%2Fv2%2Ftags&post=72516"}],"curies":[{"name":"wp","href":"https:\/\/api.w.org\/{rel}","templated":true}]}}