{"id":72478,"date":"2022-06-07T16:35:00","date_gmt":"2022-06-07T08:35:00","guid":{"rendered":"http:\/\/www.namnewsnetwork.org\/es\/?p=72478"},"modified":"2022-06-07T16:35:01","modified_gmt":"2022-06-07T08:35:01","slug":"caravana-de-15000-migrantes-parte-de-mexico-hacia-estados-unidos","status":"publish","type":"post","link":"http:\/\/www.namnewsnetwork.org\/es\/?p=72478","title":{"rendered":"Caravana de 15,000 migrantes parte de M\u00e9xico hacia Estados Unidos"},"content":{"rendered":"\n<p>TAPACHULA, 7 de junio (NNN-ANDINA) &#8212; Una in\u00e9dita caravana de cerca de 15,000 migrantes, la m\u00e1s numerosa hasta ahora, parti\u00f3 el lunes de Chiapas, en la frontera sur de M\u00e9xico, rumbo a Estados Unidos, con el trasfondo de la Cumbre de las Am\u00e9ricas, que empez\u00f3 el lunes con la migraci\u00f3n como prioridad.<\/p>\n\n\n\n<p>Los extranjeros, en su mayor\u00eda venezolanos, centroamericanos y africanos, buscan como primer destino una nueva oficina del Instituto Nacional de Migraci\u00f3n (INM) en la que puedan regularizar su situaci\u00f3n en M\u00e9xico porque en Tapachula no consiguen visas humanitarias.<\/p>\n\n\n\n<p>Bajo una fuerte lluvia, cubiertos con paraguas, cartones, bolsas, impermeables y toallas, emprendieron el viaje a las 6.30 hora local (11.30 GMT) sin importar la adversidad del clima.<\/p>\n\n\n\n<p>En un primer tramo, caminaron m\u00e1s de 8 kil\u00f3metros, por lo que ya pasaron el primer ret\u00e9n migratorio donde estaban algunos miembros de la Guardia Nacional (GN) y el INM, que se limitaron a observar el avance del contingente.<\/p>\n\n\n\n<p>El director del Centro de Dignificaci\u00f3n Humana, Luis Rey Garc\u00eda Villagr\u00e1n, expuso que en total hay m\u00e1s de 5.000 familias, incluyendo cerca de 93 mujeres embarazadas y 3,000 ni\u00f1os.<\/p>\n\n\n\n<p>&#8220;Es necesario que esta crisis migratoria se atienda conforme a la ley, visas humanitarias por un a\u00f1o, inmediatamente, que sean v\u00e1lidas en territorio nacional&#8221;, expres\u00f3 a Efe Garc\u00eda Villagr\u00e1n, activista conocido por acompa\u00f1ar y defender las caravanas de migrantes.<\/p>\n\n\n\n<p>John Romero, migrante venezolano, le indic\u00f3 a Efe que buscan la visa humanitaria que han prometido las autoridades mexicanas en el pasado, pero que hasta ahora no han obtenido una respuesta.<\/p>\n\n\n\n<p>En su lugar, les dieron una cita para dentro de tres meses, lo que los oblig\u00f3, seg\u00fan el migrante, a salir rumbo al norte de M\u00e9xico porque la Polic\u00eda los lleva presos y los deporta a Guatemala.<\/p>\n\n\n\n<p>&#8220;Nosotros no queremos quedarnos en M\u00e9xico, lo que queremos es salir, por eso vamos con todo caminando&#8221;, manifest\u00f3.<\/p>\n\n\n\n<p>Esta caravana levanta presi\u00f3n hacia la Cumbre de las Am\u00e9ricas, que se realiza entre el lunes y el pr\u00f3ximo viernes en Los \u00c1ngeles (EE. UU.) y donde se buscar\u00e1 un acuerdo regional en pol\u00edtica migratoria.<\/p>\n\n\n\n<p>Al grito de &#8220;\u00a1libertad, libertad, somos migrantes, no delincuentes!&#8221;, los extranjeros salieron con maletas, botellones de agua y la esperanza de no ser detenidos y avanzar en este nuevo intento.<\/p>\n\n\n\n<p>Adri\u00e1n Castillo, otro venezolano, se\u00f1al\u00f3 que han decidido salir marchando para visibilizar que todos los migrantes necesitan salir de Tapachula.<\/p>\n\n\n\n<p>&#8220;Que nos presten la colaboraci\u00f3n posible para que sigamos, ya que todos queremos ir a Norteam\u00e9rica para cambiar nuestro estilo de vida&#8221;, cont\u00f3.<\/p>\n\n\n\n<p>La caravana de migrantes planeaba avanzar esta jornada al menos unos 18 kil\u00f3metros. De momento, ninguna autoridad federal ha buscado a los migrantes para poder atender a la caravana.<\/p>\n\n\n\n<p>Anteriormente hab\u00edan salido en grupo unos 500 extranjeros, pero esta caravana ha avanzado con miles de personas que se congregaron los \u00faltimos d\u00edas.<\/p>\n\n\n\n<p>La caravana refleja el flujo migratorio r\u00e9cord hacia Estados Unidos, cuya Oficina de Aduanas y Protecci\u00f3n Fronteriza (CBP, en ingl\u00e9s) detect\u00f3 a m\u00e1s de 1.7 millones de indocumentados en la frontera con M\u00e9xico en el a\u00f1o fiscal 2021, que termin\u00f3 el 30 de septiembre pasado.<\/p>\n\n\n\n<p>El Gobierno mexicano report\u00f3 este fin de semana un incremento de 89 % interanual en el n\u00famero de migrantes presentados o canalizados por la autoridad migratoria en el primer trimestre de 2022, al sumar 77.626 de enero a marzo.<\/p>\n\n\n\n<p>M\u00e9xico deport\u00f3 a m\u00e1s de 114.000 extranjeros en 2021, de acuerdo con datos de la Unidad de Pol\u00edtica Migratoria, cifras no vistas en casi 15 a\u00f1os, mientras que en el a\u00f1o fiscal 2022, que arranc\u00f3 el 1 de octubre de 2021, la CBP ha contabilizado m\u00e1s de un mill\u00f3n de migrantes interceptados en la frontera sur estadounidense.<br>&#8212; NNN-ANDINA<\/p>\n","protected":false},"excerpt":{"rendered":"<p>TAPACHULA, 7 de junio (NNN-ANDINA) &#8212; Una in\u00e9dita caravana de cerca de 15,000 migrantes, la m\u00e1s numerosa hasta ahora, parti\u00f3 el lunes de Chiapas, en la frontera sur de M\u00e9xico, rumbo a Estados Unidos, con el trasfondo de la Cumbre de las Am\u00e9ricas, que empez\u00f3 el lunes con la migraci\u00f3n como prioridad. Los extranjeros, en [&hellip;]<\/p>\n","protected":false},"author":2,"featured_media":72487,"comment_status":"closed","ping_status":"closed","sticky":false,"template":"","format":"standard","meta":[],"categories":[215,277,211],"tags":[],"_links":{"self":[{"href":"http:\/\/www.namnewsnetwork.org\/es\/index.php?rest_route=\/wp\/v2\/posts\/72478"}],"collection":[{"href":"http:\/\/www.namnewsnetwork.org\/es\/index.php?rest_route=\/wp\/v2\/posts"}],"about":[{"href":"http:\/\/www.namnewsnetwork.org\/es\/index.php?rest_route=\/wp\/v2\/types\/post"}],"author":[{"embeddable":true,"href":"http:\/\/www.namnewsnetwork.org\/es\/index.php?rest_route=\/wp\/v2\/users\/2"}],"replies":[{"embeddable":true,"href":"http:\/\/www.namnewsnetwork.org\/es\/index.php?rest_route=%2Fwp%2Fv2%2Fcomments&post=72478"}],"version-history":[{"count":1,"href":"http:\/\/www.namnewsnetwork.org\/es\/index.php?rest_route=\/wp\/v2\/posts\/72478\/revisions"}],"predecessor-version":[{"id":72488,"href":"http:\/\/www.namnewsnetwork.org\/es\/index.php?rest_route=\/wp\/v2\/posts\/72478\/revisions\/72488"}],"wp:featuredmedia":[{"embeddable":true,"href":"http:\/\/www.namnewsnetwork.org\/es\/index.php?rest_route=\/wp\/v2\/media\/72487"}],"wp:attachment":[{"href":"http:\/\/www.namnewsnetwork.org\/es\/index.php?rest_route=%2Fwp%2Fv2%2Fmedia&parent=72478"}],"wp:term":[{"taxonomy":"category","embeddable":true,"href":"http:\/\/www.namnewsnetwork.org\/es\/index.php?rest_route=%2Fwp%2Fv2%2Fcategories&post=72478"},{"taxonomy":"post_tag","embeddable":true,"href":"http:\/\/www.namnewsnetwork.org\/es\/index.php?rest_route=%2Fwp%2Fv2%2Ftags&post=72478"}],"curies":[{"name":"wp","href":"https:\/\/api.w.org\/{rel}","templated":true}]}}