{"id":72399,"date":"2022-06-05T23:28:15","date_gmt":"2022-06-05T15:28:15","guid":{"rendered":"http:\/\/www.namnewsnetwork.org\/es\/?p=72399"},"modified":"2022-06-05T23:28:16","modified_gmt":"2022-06-05T15:28:16","slug":"sindicatos-de-uruguay-convocan-a-paro-por-mejoras-salariales","status":"publish","type":"post","link":"http:\/\/www.namnewsnetwork.org\/es\/?p=72399","title":{"rendered":"Sindicatos de Uruguay convocan a paro por mejoras salariales"},"content":{"rendered":"\n<p>MONTEVIDEO, 5 de junio (NNN-AGENCIAS) &#8212; Diversos sectores se estar\u00e1n movilizando durante el mes de junio como parte de la rendici\u00f3n de cuentas que el Ejecutivo de Luis Lacalle Pou debe presentar antes del d\u00eda 30.<\/p>\n\n\n\n<p>A trav\u00e9s de un comunicado, la Central de Sindicatos de Uruguay, PIT-CNT, convoc\u00f3 a un paro general parcial para el pr\u00f3ximo 7 de julio &#8220;en defensa del trabajo de calidad y salario&#8221;.<\/p>\n\n\n\n<p>El PIT-CNT, comunic\u00f3 que diversos sectores se estar\u00e1n movilizando durante el mes de junio como parte de la rendici\u00f3n de cuentas que el Ejecutivo de Luis Lacalle Pou debe presentar antes del d\u00eda 30.<\/p>\n\n\n\n<p>El mensaje publicado por la Central Sindical explic\u00f3 la situaci\u00f3n que afrontan los trabajadores en Uruguay. Todo esto debido a la p\u00e9rdida salarial, la precariedad del trabajo, el cierre de f\u00e1bricas y el aumento constante del precio de la cesta b\u00e1sica.<\/p>\n\n\n\n<p>Por su parte, la Uni\u00f3n Nacional de Obreros y Trabajadores del Transporte y la Asociaci\u00f3n Sindical de Cooperativistas y Obreros del Transporte anunciaron un paro dispuesto para el pr\u00f3ximo 6 de junio.<br>&#8212; NNN-AGENCIAS<\/p>\n","protected":false},"excerpt":{"rendered":"<p>MONTEVIDEO, 5 de junio (NNN-AGENCIAS) &#8212; Diversos sectores se estar\u00e1n movilizando durante el mes de junio como parte de la rendici\u00f3n de cuentas que el Ejecutivo de Luis Lacalle Pou debe presentar antes del d\u00eda 30. A trav\u00e9s de un comunicado, la Central de Sindicatos de Uruguay, PIT-CNT, convoc\u00f3 a un paro general parcial para [&hellip;]<\/p>\n","protected":false},"author":2,"featured_media":72400,"comment_status":"closed","ping_status":"closed","sticky":false,"template":"","format":"standard","meta":[],"categories":[215,277,211],"tags":[],"_links":{"self":[{"href":"http:\/\/www.namnewsnetwork.org\/es\/index.php?rest_route=\/wp\/v2\/posts\/72399"}],"collection":[{"href":"http:\/\/www.namnewsnetwork.org\/es\/index.php?rest_route=\/wp\/v2\/posts"}],"about":[{"href":"http:\/\/www.namnewsnetwork.org\/es\/index.php?rest_route=\/wp\/v2\/types\/post"}],"author":[{"embeddable":true,"href":"http:\/\/www.namnewsnetwork.org\/es\/index.php?rest_route=\/wp\/v2\/users\/2"}],"replies":[{"embeddable":true,"href":"http:\/\/www.namnewsnetwork.org\/es\/index.php?rest_route=%2Fwp%2Fv2%2Fcomments&post=72399"}],"version-history":[{"count":1,"href":"http:\/\/www.namnewsnetwork.org\/es\/index.php?rest_route=\/wp\/v2\/posts\/72399\/revisions"}],"predecessor-version":[{"id":72401,"href":"http:\/\/www.namnewsnetwork.org\/es\/index.php?rest_route=\/wp\/v2\/posts\/72399\/revisions\/72401"}],"wp:featuredmedia":[{"embeddable":true,"href":"http:\/\/www.namnewsnetwork.org\/es\/index.php?rest_route=\/wp\/v2\/media\/72400"}],"wp:attachment":[{"href":"http:\/\/www.namnewsnetwork.org\/es\/index.php?rest_route=%2Fwp%2Fv2%2Fmedia&parent=72399"}],"wp:term":[{"taxonomy":"category","embeddable":true,"href":"http:\/\/www.namnewsnetwork.org\/es\/index.php?rest_route=%2Fwp%2Fv2%2Fcategories&post=72399"},{"taxonomy":"post_tag","embeddable":true,"href":"http:\/\/www.namnewsnetwork.org\/es\/index.php?rest_route=%2Fwp%2Fv2%2Ftags&post=72399"}],"curies":[{"name":"wp","href":"https:\/\/api.w.org\/{rel}","templated":true}]}}