{"id":72353,"date":"2022-06-04T23:21:18","date_gmt":"2022-06-04T15:21:18","guid":{"rendered":"http:\/\/www.namnewsnetwork.org\/es\/?p=72353"},"modified":"2022-06-04T23:21:19","modified_gmt":"2022-06-04T15:21:19","slug":"sube-a-tres-el-numero-de-muertos-por-intensas-lluvias-en-cuba","status":"publish","type":"post","link":"http:\/\/www.namnewsnetwork.org\/es\/?p=72353","title":{"rendered":"Sube a tres el n\u00famero de muertos por intensas lluvias en Cuba"},"content":{"rendered":"\n<p>LA HABANA, 4 de junio (NNN-TELESUR) &#8212; Las precipitaciones que afectan al occidente y centro de Cuba, y que el viernes fluctuaron entre fuertes e intensas, provocaron la muerte de tres personas, dos en la capital, La Habana, y una en la provincia de Pinar del R\u00edo (oeste).<\/p>\n\n\n\n<div class=\"wp-block-image\"><figure class=\"aligncenter size-full\"><img loading=\"lazy\" width=\"600\" height=\"296\" src=\"http:\/\/www.namnewsnetwork.org\/es\/wp-content\/uploads\/2022\/06\/Sube-a-tres-el-numero-de-muertos-por-intensas-lluvias-en-Cuba.jpg\" alt=\"\" class=\"wp-image-72362\" srcset=\"http:\/\/www.namnewsnetwork.org\/es\/wp-content\/uploads\/2022\/06\/Sube-a-tres-el-numero-de-muertos-por-intensas-lluvias-en-Cuba.jpg 600w, http:\/\/www.namnewsnetwork.org\/es\/wp-content\/uploads\/2022\/06\/Sube-a-tres-el-numero-de-muertos-por-intensas-lluvias-en-Cuba-300x148.jpg 300w, http:\/\/www.namnewsnetwork.org\/es\/wp-content\/uploads\/2022\/06\/Sube-a-tres-el-numero-de-muertos-por-intensas-lluvias-en-Cuba-598x296.jpg 598w\" sizes=\"(max-width: 600px) 100vw, 600px\" \/><figcaption><em><sup>Foto: Cubadebate<\/sup><\/em><\/figcaption><\/figure><\/div>\n\n\n\n<p>El coordinador de programas del Gobierno de La Habana, Orestes Llanes Mestre, inform\u00f3 sobre dos fallecidos en la capital, uno a causa de un derrumbe y otro por un accidente.<\/p>\n\n\n\n<p>El Gobierno de la provincia de Pinar de R\u00edo comunic\u00f3, por su parte, que la tarde del viernes fue encontrado el cuerpo sin vida de una persona que hab\u00eda ca\u00eddo a un arroyo en la ma\u00f1ana. Asimismo, dieron a conocer la desaparici\u00f3n de otra persona en el municipio de Minas de Matahambre.<\/p>\n\n\n\n<p>De acuerdo con el Instituto de Meteorolog\u00eda de Cuba, desde las 08H00 del jueves y hasta las 14H00 hora local de el viernes, 16 estaciones meteorol\u00f3gicas registraron acumulados superiores a los 100 mil\u00edmetros de lluvia, y de ellas tres estaciones estuvieron por encima de los 200 mil\u00edmetros.<\/p>\n\n\n\n<p>En Pinar del R\u00edo, provincia m\u00e1s occidental y afectada por las lluvias, se reportan 4.000 personas protegidas en 31 centros de evacuaci\u00f3n y casas de familiares y amigos.<\/p>\n\n\n\n<p>El desbordamiento de r\u00edos provoc\u00f3 la incomunicaci\u00f3n por carretera de varias localidades en la parte m\u00e1s occidental de ese territorio.<\/p>\n\n\n\n<p>Llanes Mestre dijo que hasta las 18H00 hora local del viernes hab\u00edan ocurrido 61 derrumbes, uno de ellos total, y se registraron severas inundaciones en 23 vecindarios capitalinos, entre los cuales resultaron particularmente afectados los barrios El Fanguito y Pont\u00f3n.<\/p>\n\n\n\n<p>Tambi\u00e9n ocurrieron fallas en 24 circuitos el\u00e9ctricos. Precis\u00f3 que estas \u00faltimas dejaron sin electricidad a cerca de 50.000 clientes, aunque los trabajos de recuperaci\u00f3n de las \u00faltimas horas permitieron reducir a 14.000 la cifra de afectados.<\/p>\n\n\n\n<p>El director de Redes de la Uni\u00f3n Nacional El\u00e9ctrica, Eleazar Moreno, detall\u00f3 que la mayor\u00eda de las fallas ocurrieron en las provincias de Pinar del R\u00edo, Artemisa, Mayabeque, La Habana, Matanzas y Villa Clara, y fueron causadas por lluvias y rachas de viento fuertes.<\/p>\n\n\n\n<p>Precis\u00f3 que se reportaron 73.700 consumidores afectados por las interrupciones y agreg\u00f3 que se mantienen desplegados 144 equipos t\u00e9cnicos para brindarles soluci\u00f3n, de ellos 45 en La Habana.<\/p>\n\n\n\n<p>En declaraciones a la televisi\u00f3n local, el meteor\u00f3logo Jos\u00e9 Rubiera se\u00f1al\u00f3 que estas lluvias est\u00e1n asociadas a una zona de bajas presiones que se desplaza por el sureste del Golfo de M\u00e9xico.<\/p>\n\n\n\n<p>Explic\u00f3 que se trata de un sistema con pocas posibilidades de desarrollo, cuyo mayor peligro potencial son las precipitaciones a la derecha de su trayectoria. Dijo que una vez que se mueva m\u00e1s al noreste, en direcci\u00f3n a la pen\u00ednsula de la Florida (EE.UU.), adquirir\u00e1 mayor velocidad de traslaci\u00f3n y arrastrar\u00e1 consigo abundante lluvia.<\/p>\n\n\n\n<p>Alert\u00f3 que hay mucha nubosidad al sur de Cuba y puede crecer en la noche de viernes a s\u00e1bado, por lo que cabe esperar m\u00e1s precipitaciones durante las pr\u00f3ximas horas. A\u00f1adi\u00f3 que las lluvias podr\u00e1n ser intensas hasta el mediod\u00eda del\u00f3 s\u00e1bado y comenzar\u00e1n a disminuir a partir de entonces.<\/p>\n\n\n\n<p>Por su parte, el director del Instituto de Meteorolog\u00eda, Celso Pazos Alberdi, record\u00f3 que los meses de mayo y junio usualmente registran eventos de este tipo, por lo cual Cuba mantiene activados sus radares, estaciones meteorol\u00f3gicas y otros componentes de su red de vigilancia.<\/p>\n\n\n\n<p>La jefa del Departamento de Reducci\u00f3n de Desastres de la Defensa Civil, teniente coronel Gloria Gely Mart\u00ednez, calific\u00f3 a este evento como primer episodio de la actual temporada cicl\u00f3nica, la cual se extiende desde el 1 de junio hasta el 30 de noviembre.<\/p>\n\n\n\n<p>Inst\u00f3 a la poblaci\u00f3n a mantenerse informada a trav\u00e9s de los medios de comunicaci\u00f3n y las autoridades locales, y no acudir a embalses, evitar cauces de r\u00edos, no tocar cables el\u00e9ctricos ca\u00eddos y no incurrir en otros actos de negligencia que puedan generar afectaciones a la vida.<br>&#8212; NNN-TELESUR<\/p>\n","protected":false},"excerpt":{"rendered":"<p>LA HABANA, 4 de junio (NNN-TELESUR) &#8212; Las precipitaciones que afectan al occidente y centro de Cuba, y que el viernes fluctuaron entre fuertes e intensas, provocaron la muerte de tres personas, dos en la capital, La Habana, y una en la provincia de Pinar del R\u00edo (oeste). El coordinador de programas del Gobierno de [&hellip;]<\/p>\n","protected":false},"author":2,"featured_media":72363,"comment_status":"closed","ping_status":"closed","sticky":false,"template":"","format":"standard","meta":[],"categories":[215,277,211],"tags":[],"_links":{"self":[{"href":"http:\/\/www.namnewsnetwork.org\/es\/index.php?rest_route=\/wp\/v2\/posts\/72353"}],"collection":[{"href":"http:\/\/www.namnewsnetwork.org\/es\/index.php?rest_route=\/wp\/v2\/posts"}],"about":[{"href":"http:\/\/www.namnewsnetwork.org\/es\/index.php?rest_route=\/wp\/v2\/types\/post"}],"author":[{"embeddable":true,"href":"http:\/\/www.namnewsnetwork.org\/es\/index.php?rest_route=\/wp\/v2\/users\/2"}],"replies":[{"embeddable":true,"href":"http:\/\/www.namnewsnetwork.org\/es\/index.php?rest_route=%2Fwp%2Fv2%2Fcomments&post=72353"}],"version-history":[{"count":1,"href":"http:\/\/www.namnewsnetwork.org\/es\/index.php?rest_route=\/wp\/v2\/posts\/72353\/revisions"}],"predecessor-version":[{"id":72364,"href":"http:\/\/www.namnewsnetwork.org\/es\/index.php?rest_route=\/wp\/v2\/posts\/72353\/revisions\/72364"}],"wp:featuredmedia":[{"embeddable":true,"href":"http:\/\/www.namnewsnetwork.org\/es\/index.php?rest_route=\/wp\/v2\/media\/72363"}],"wp:attachment":[{"href":"http:\/\/www.namnewsnetwork.org\/es\/index.php?rest_route=%2Fwp%2Fv2%2Fmedia&parent=72353"}],"wp:term":[{"taxonomy":"category","embeddable":true,"href":"http:\/\/www.namnewsnetwork.org\/es\/index.php?rest_route=%2Fwp%2Fv2%2Fcategories&post=72353"},{"taxonomy":"post_tag","embeddable":true,"href":"http:\/\/www.namnewsnetwork.org\/es\/index.php?rest_route=%2Fwp%2Fv2%2Ftags&post=72353"}],"curies":[{"name":"wp","href":"https:\/\/api.w.org\/{rel}","templated":true}]}}