{"id":72346,"date":"2022-06-04T23:40:00","date_gmt":"2022-06-04T15:40:00","guid":{"rendered":"http:\/\/www.namnewsnetwork.org\/es\/?p=72346"},"modified":"2022-06-04T23:26:30","modified_gmt":"2022-06-04T15:26:30","slug":"ops-alerta-sobre-aumento-de-casos-de-covid-19-en-las-americas-durante-la-temporada-ciclonica","status":"publish","type":"post","link":"http:\/\/www.namnewsnetwork.org\/es\/?p=72346","title":{"rendered":"OPS alerta sobre aumento de casos de COVID-19 en las Am\u00e9ricas durante la temporada cicl\u00f3nica"},"content":{"rendered":"\n<p>WASHINGTON, 4 de junio (NNN-AGENCIAS) &#8212; A medida que aumentan los casos de coronavirus, los pa\u00edses se enfrentan a las amenazas de la influenza estacional y los huracanes, dice la Directora de la Organizaci\u00f3n Panamericana de la Salud.<\/p>\n\n\n\n<p>Mientras los pa\u00edses de las Am\u00e9ricas experimentan un aumento en el n\u00famero de casos de COVID-19 por sexta semana consecutiva, la directora de la Organizaci\u00f3n Panamericana de la Salud (OPS), Carissa F. Etienne, ha pedido una mayor vigilancia frente al comienzo de la temporada de influenza y de huracanes.<\/p>\n\n\n\n<p>En la \u00faltima semana, los pa\u00edses de la regi\u00f3n han notificado un aumento del 10,4 por ciento en los casos de COVID-19, y un incremento del 14 por ciento en las muertes, lo que presagia la \u201cdoble amenaza de un posible aumento de la influenza junto con un aumento de los casos de COVID-19\u201d, dijo la especialista.<\/p>\n\n\n\n<p>Los casos de influenza han sido excepcionalmente bajos desde el inicio de la pandemia hace m\u00e1s de dos a\u00f1os, pero las cosas han empezado a cambiar, coment\u00f3 la Dra. Etienne en una rueda de prensa el viernes. \u201cEl virus de la influenza est\u00e1 circulando de nuevo y no solo durante la temporada de influenza tradicional\u201d, a\u00f1adi\u00f3 la experta.<\/p>\n\n\n\n<p>En M\u00e9xico y Per\u00fa se ha registrado un n\u00famero de casos de influenza mayor de lo esperado y en Argentina, Chile y Uruguay se han registrado m\u00e1s hospitalizaciones de lo habitual por esta enfermedad.<\/p>\n\n\n\n<p>Los casos del virus respiratorio en Chile, Paraguay, Brasil, Ecuador y la Rep\u00fablica Dominicana tambi\u00e9n han aumentado entre los ni\u00f1os peque\u00f1os.<\/p>\n\n\n\n<p>Si bien la mayor\u00eda de los pa\u00edses han integrado la vigilancia del virus que causa la COVID-19 con los esfuerzos para rastrear el virus de la influenza, la Dra. Etienne destac\u00f3 que deben aprovechar esa capacidad \u201cpara identificar r\u00e1pidamente los diferentes virus respiratorios que circulan en las Am\u00e9ricas\u201d.<\/p>\n\n\n\n<p>La Dra. Etienne tambi\u00e9n destac\u00f3 que la pr\u00f3xima temporada de influenza afectar\u00e1 principalmente a los pa\u00edses del hemisferio sur y que los pa\u00edses de Centroam\u00e9rica y el Caribe deben prepararse para la temporada de huracanes.<\/p>\n\n\n\n<p>\u201cSolo hace falta una tormenta masiva para destruir los medios de vida de las personas, paralizar nuestros sistemas de salud y provocar la p\u00e9rdida de innumerables vidas\u201d, dijo.<\/p>\n\n\n\n<p>Dado que el cambio clim\u00e1tico est\u00e1 provocando un aumento de la frecuencia y el impacto de los fen\u00f3menos meteorol\u00f3gicos extremos, como los huracanes y las inundaciones, \u201cdebemos prepararnos con antelaci\u00f3n para que no nos sorprendan desprevenidos\u201d, a\u00f1adi\u00f3 la funcionaria.<\/p>\n\n\n\n<p>Aunque muchos pa\u00edses ya cuentan con planes nacionales para los fen\u00f3menos meteorol\u00f3gicos extremos, la Dra. Etienne inst\u00f3 a los dirigentes a asegurarse de que estos programas est\u00e1n actualizados.<br>&#8212; NNN-AGENCIAS<\/p>\n","protected":false},"excerpt":{"rendered":"<p>WASHINGTON, 4 de junio (NNN-AGENCIAS) &#8212; A medida que aumentan los casos de coronavirus, los pa\u00edses se enfrentan a las amenazas de la influenza estacional y los huracanes, dice la Directora de la Organizaci\u00f3n Panamericana de la Salud. Mientras los pa\u00edses de las Am\u00e9ricas experimentan un aumento en el n\u00famero de casos de COVID-19 por [&hellip;]<\/p>\n","protected":false},"author":2,"featured_media":72375,"comment_status":"closed","ping_status":"closed","sticky":false,"template":"","format":"standard","meta":[],"categories":[215,277,211,198],"tags":[],"_links":{"self":[{"href":"http:\/\/www.namnewsnetwork.org\/es\/index.php?rest_route=\/wp\/v2\/posts\/72346"}],"collection":[{"href":"http:\/\/www.namnewsnetwork.org\/es\/index.php?rest_route=\/wp\/v2\/posts"}],"about":[{"href":"http:\/\/www.namnewsnetwork.org\/es\/index.php?rest_route=\/wp\/v2\/types\/post"}],"author":[{"embeddable":true,"href":"http:\/\/www.namnewsnetwork.org\/es\/index.php?rest_route=\/wp\/v2\/users\/2"}],"replies":[{"embeddable":true,"href":"http:\/\/www.namnewsnetwork.org\/es\/index.php?rest_route=%2Fwp%2Fv2%2Fcomments&post=72346"}],"version-history":[{"count":1,"href":"http:\/\/www.namnewsnetwork.org\/es\/index.php?rest_route=\/wp\/v2\/posts\/72346\/revisions"}],"predecessor-version":[{"id":72376,"href":"http:\/\/www.namnewsnetwork.org\/es\/index.php?rest_route=\/wp\/v2\/posts\/72346\/revisions\/72376"}],"wp:featuredmedia":[{"embeddable":true,"href":"http:\/\/www.namnewsnetwork.org\/es\/index.php?rest_route=\/wp\/v2\/media\/72375"}],"wp:attachment":[{"href":"http:\/\/www.namnewsnetwork.org\/es\/index.php?rest_route=%2Fwp%2Fv2%2Fmedia&parent=72346"}],"wp:term":[{"taxonomy":"category","embeddable":true,"href":"http:\/\/www.namnewsnetwork.org\/es\/index.php?rest_route=%2Fwp%2Fv2%2Fcategories&post=72346"},{"taxonomy":"post_tag","embeddable":true,"href":"http:\/\/www.namnewsnetwork.org\/es\/index.php?rest_route=%2Fwp%2Fv2%2Ftags&post=72346"}],"curies":[{"name":"wp","href":"https:\/\/api.w.org\/{rel}","templated":true}]}}