{"id":72196,"date":"2022-06-01T15:48:00","date_gmt":"2022-06-01T07:48:00","guid":{"rendered":"http:\/\/www.namnewsnetwork.org\/es\/?p=72196"},"modified":"2022-06-01T14:49:06","modified_gmt":"2022-06-01T06:49:06","slug":"se-eleva-a-106-el-numero-de-muertos-por-lluvias-torrenciales-en-brasil","status":"publish","type":"post","link":"http:\/\/www.namnewsnetwork.org\/es\/?p=72196","title":{"rendered":"Se eleva a 106 el n\u00famero de muertos por lluvias torrenciales en Brasil"},"content":{"rendered":"\n<p>RECIFE, 1 de junio (NNN-ANDINA) &#8212; El n\u00famero de muertos tras las lluvias torrenciales de los \u00faltimos d\u00edas en el noreste de Brasil se elev\u00f3 a 106, informaron el martes las autoridades locales, que contin\u00faan buscando a ocho desaparecidos.<\/p>\n\n\n\n<p>El martes por la tarde, tres d\u00edas despu\u00e9s de los deslaves m\u00e1s cr\u00edticos provocados por las lluvias, &#8220;los bomberos encontraron los cuerpos de seis v\u00edctimas&#8221;, inform\u00f3 en un comunicado la Secretar\u00eda de Defensa Social del gobierno del estado de Pernambuco.<\/p>\n\n\n\n<p>&#8220;Con eso, el n\u00famero de muertos desde el mi\u00e9rcoles pasado subi\u00f3 para 106&#8221; y hay ocho desaparecidos &#8220;identificados&#8221;, a\u00f1adi\u00f3 el gobierno, cuyo informe anterior daba cuenta de un centenar de muertos.<\/p>\n\n\n\n<p>Con la ayuda de &#8220;perros detectores y aeronaves&#8221;, m\u00e1s de 400 bomberos y militares continuaban buscando a los \u00faltimos desaparecidos bajo el lodo que arras\u00f3 barrios enteros en la regi\u00f3n metropolitana de la capital del estado, Recife.<\/p>\n\n\n\n<p>El hallazgo de los nuevos cuerpos puso fin a las b\u00fasquedas en la comunidad de Jardim Monteverde, una de las m\u00e1s afectadas, donde m\u00e1s de 20 personas perecieron bajo un tsunami de barro y escombros.<\/p>\n\n\n\n<p>&#8220;Fue una tragedia, perd\u00ed muchos amigos&#8221;, dijo a la AFP Maria Heronize, una vecina de 49 a\u00f1os, conteniendo las l\u00e1grimas. Al menos 24 municipios del estado decretaron la situaci\u00f3n de emergencia por los estragos, que dejaron m\u00e1s de 6.000 personas sin hogar o desplazadas, as\u00ed como grandes da\u00f1os en las infraestructuras.<\/p>\n\n\n\n<p>Las lluvias empezaron a mediados de la semana pasada, pero se intensificaron el fin de semana. Entre la noche del viernes y la ma\u00f1ana del s\u00e1bado, el volumen de agua alcanz\u00f3 el 70% de lo esperado para todo el mes de mayo en algunos puntos de la capital.<\/p>\n\n\n\n<p>El presidente brasile\u00f1o, el ultraderechista Jair Bolsonaro, sobrevol\u00f3 la regi\u00f3n el lunes y lament\u00f3 las muertes. Su gobierno habilit\u00f3 un cr\u00e9dito de 1.000 millones de reales (unos USD 212 millones al cambio) para reforzar la asistencia humanitaria y reconstrucci\u00f3n, a cargo de las autoridades locales.<\/p>\n\n\n\n<p>Las im\u00e1genes de Recife evocan el drama ocurrido en febrero en Petr\u00f3polis, en el estado de Rio de Janeiro (sureste), donde murieron 233 personas tras lluvias torrenciales y deslaves.<\/p>\n\n\n\n<p>Los expertos atribuyen este tipo de tragedias a una combinaci\u00f3n de fuertes lluvias -exacerbadas por el cambio clim\u00e1tico- y a la construcci\u00f3n de grandes barriadas con viviendas precarias en escarpadas zonas de riesgo.<\/p>\n\n\n\n<p>&#8220;El cambio clim\u00e1tico podr\u00eda ser responsable por el aumento de lluvias extremas, violentas, que est\u00e1n siendo detectadas no solo en Brasil, sino en todo el mundo&#8221;, dijo a la AFP Jos\u00e9 Marengo, coordinador de investigaci\u00f3n del Centro Nacional de Monitoreo y Alertas de Desastres Naturales de Brasil (Cemaden).<\/p>\n\n\n\n<p>&#8220;Pero no puede ser culpado de que gobiernos permitan construir en \u00e1reas de riesgo o de que la poblaci\u00f3n pobre no tenga ad\u00f3nde ir y deba construir y vivir en \u00e1reas vulnerables&#8221;, a\u00f1adi\u00f3 el especialista.<\/p>\n\n\n\n<p>El Cemaden calcula que en Brasil 9,5 millones de personas viven en \u00e1reas de riesgo por deslizamiento o inundaci\u00f3n, muchas de ellas en favelas -barriadas pobres-, sin estructuras de saneamiento b\u00e1sico.<br>&#8212; NNN-ANDINA<\/p>\n","protected":false},"excerpt":{"rendered":"<p>RECIFE, 1 de junio (NNN-ANDINA) &#8212; El n\u00famero de muertos tras las lluvias torrenciales de los \u00faltimos d\u00edas en el noreste de Brasil se elev\u00f3 a 106, informaron el martes las autoridades locales, que contin\u00faan buscando a ocho desaparecidos. El martes por la tarde, tres d\u00edas despu\u00e9s de los deslaves m\u00e1s cr\u00edticos provocados por las [&hellip;]<\/p>\n","protected":false},"author":2,"featured_media":72218,"comment_status":"closed","ping_status":"closed","sticky":false,"template":"","format":"standard","meta":[],"categories":[215,277,211],"tags":[],"_links":{"self":[{"href":"http:\/\/www.namnewsnetwork.org\/es\/index.php?rest_route=\/wp\/v2\/posts\/72196"}],"collection":[{"href":"http:\/\/www.namnewsnetwork.org\/es\/index.php?rest_route=\/wp\/v2\/posts"}],"about":[{"href":"http:\/\/www.namnewsnetwork.org\/es\/index.php?rest_route=\/wp\/v2\/types\/post"}],"author":[{"embeddable":true,"href":"http:\/\/www.namnewsnetwork.org\/es\/index.php?rest_route=\/wp\/v2\/users\/2"}],"replies":[{"embeddable":true,"href":"http:\/\/www.namnewsnetwork.org\/es\/index.php?rest_route=%2Fwp%2Fv2%2Fcomments&post=72196"}],"version-history":[{"count":1,"href":"http:\/\/www.namnewsnetwork.org\/es\/index.php?rest_route=\/wp\/v2\/posts\/72196\/revisions"}],"predecessor-version":[{"id":72219,"href":"http:\/\/www.namnewsnetwork.org\/es\/index.php?rest_route=\/wp\/v2\/posts\/72196\/revisions\/72219"}],"wp:featuredmedia":[{"embeddable":true,"href":"http:\/\/www.namnewsnetwork.org\/es\/index.php?rest_route=\/wp\/v2\/media\/72218"}],"wp:attachment":[{"href":"http:\/\/www.namnewsnetwork.org\/es\/index.php?rest_route=%2Fwp%2Fv2%2Fmedia&parent=72196"}],"wp:term":[{"taxonomy":"category","embeddable":true,"href":"http:\/\/www.namnewsnetwork.org\/es\/index.php?rest_route=%2Fwp%2Fv2%2Fcategories&post=72196"},{"taxonomy":"post_tag","embeddable":true,"href":"http:\/\/www.namnewsnetwork.org\/es\/index.php?rest_route=%2Fwp%2Fv2%2Ftags&post=72196"}],"curies":[{"name":"wp","href":"https:\/\/api.w.org\/{rel}","templated":true}]}}