{"id":72136,"date":"2022-05-31T16:20:38","date_gmt":"2022-05-31T08:20:38","guid":{"rendered":"http:\/\/www.namnewsnetwork.org\/es\/?p=72136"},"modified":"2022-05-31T16:20:38","modified_gmt":"2022-05-31T08:20:38","slug":"gobierno-de-chile-prorroga-estado-de-excepcion-en-territorio-mapuche","status":"publish","type":"post","link":"http:\/\/www.namnewsnetwork.org\/es\/?p=72136","title":{"rendered":"Gobierno de Chile prorroga estado de excepci\u00f3n en territorio mapuche"},"content":{"rendered":"\n<p>SANTIAGO, 31 de mayo (NNN-AGENCIAS) &#8212; El Gobierno de Chile prorrog\u00f3 el lunes el estado de excepci\u00f3n en territorio del Pueblo Mapuche por un per\u00edodo de 15 d\u00edas m\u00e1s, espec\u00edficamente en la regi\u00f3n de La Araucan\u00eda y en las provincias de Arauco y B\u00edo B\u00edo.<\/p>\n\n\n\n<p>\u201cEl d\u00eda de hoy hemos tenido comit\u00e9 pol\u00edtico, y quiero informar a la ciudadan\u00eda que el Presidente de la Rep\u00fablica ha dispuesto prorrogar el estado de excepci\u00f3n constitucional en los mismos t\u00e9rminos que fue emanado en la primera oportunidad\u201d, declar\u00f3 la ministra del Interior y Seguridad P\u00fablica, Izkia Siches.<\/p>\n\n\n\n<p>Contrario a lo defienden comunidades mapuche y organizaciones sociales, la ministra chilena indic\u00f3 que \u201centendemos que esta es una medida complementaria, que se suma al Plan Buen Vivir, y que pretende llevar paz y tranquilidad a estos territorios\u201d.<\/p>\n\n\n\n<p>Con un justificativo financiero, Siches declar\u00f3 que esta medida se sustenta en \u201cpoder desplegar con mejor facilidad las Fuerzas Armadas, particularmente la Armada en Arauco. As\u00ed tambi\u00e9n tener unidades operativas y de control estrat\u00e9gico que vinculen a las distintas instituciones (\u2026)\u201d.<\/p>\n\n\n\n<p>Sobre el estado de excepci\u00f3n establecido antes de la nueva pr\u00f3rroga desde el 17 de mayo la plataforma mapuche Werken refiri\u00f3 que si bien \u201cdesde el gobierno enfatizaron en que las operaciones de las Fuerzas Armadas ser\u00e1n acotadas y podr\u00e1n actuar solo en rutas; sabemos que la presencia militar solo ha representado un fracaso en la pol\u00edtica, pues solo han sido un s\u00edmbolo esbirro y violentamente hist\u00f3rico para el Wallmapu\u201d.<\/p>\n\n\n\n<p>En el mes de mayo la Coordinadora Mapuche Arauco Malleco (CAM) hizo un llamado al Pueblo Naci\u00f3n Mapuche \u201ca preparar las fuerzas, a organizar la resistencia armada por la autonom\u00eda por el territorio y autonom\u00eda para la naci\u00f3n mapuche\u201d, tras la decisi\u00f3n del gobierno de Chile, no diferente a la ya establecida para el Wallmapu por la gesti\u00f3n de Sebasti\u00e1n Pi\u00f1era.<\/p>\n\n\n\n<p>De acuerdo al vocero de la Comunidad Antonio Paillao en la comuna de Tir\u00faa, Pedro Marileo, expres\u00f3 que \u201cnecesitamos, que de una vez por todas, el Gobierno se moje e intervenga y vea el negocio de las forestales en terrenos usurpados, y se atreva a expropiar los terrenos de territorios mapuche que las forestales han obtenido de mala manera\u201d.<br>&#8212; NNN-AGENCIAS<\/p>\n","protected":false},"excerpt":{"rendered":"<p>SANTIAGO, 31 de mayo (NNN-AGENCIAS) &#8212; El Gobierno de Chile prorrog\u00f3 el lunes el estado de excepci\u00f3n en territorio del Pueblo Mapuche por un per\u00edodo de 15 d\u00edas m\u00e1s, espec\u00edficamente en la regi\u00f3n de La Araucan\u00eda y en las provincias de Arauco y B\u00edo B\u00edo. \u201cEl d\u00eda de hoy hemos tenido comit\u00e9 pol\u00edtico, y quiero [&hellip;]<\/p>\n","protected":false},"author":2,"featured_media":72175,"comment_status":"closed","ping_status":"closed","sticky":false,"template":"","format":"standard","meta":[],"categories":[215,277,211],"tags":[],"_links":{"self":[{"href":"http:\/\/www.namnewsnetwork.org\/es\/index.php?rest_route=\/wp\/v2\/posts\/72136"}],"collection":[{"href":"http:\/\/www.namnewsnetwork.org\/es\/index.php?rest_route=\/wp\/v2\/posts"}],"about":[{"href":"http:\/\/www.namnewsnetwork.org\/es\/index.php?rest_route=\/wp\/v2\/types\/post"}],"author":[{"embeddable":true,"href":"http:\/\/www.namnewsnetwork.org\/es\/index.php?rest_route=\/wp\/v2\/users\/2"}],"replies":[{"embeddable":true,"href":"http:\/\/www.namnewsnetwork.org\/es\/index.php?rest_route=%2Fwp%2Fv2%2Fcomments&post=72136"}],"version-history":[{"count":1,"href":"http:\/\/www.namnewsnetwork.org\/es\/index.php?rest_route=\/wp\/v2\/posts\/72136\/revisions"}],"predecessor-version":[{"id":72176,"href":"http:\/\/www.namnewsnetwork.org\/es\/index.php?rest_route=\/wp\/v2\/posts\/72136\/revisions\/72176"}],"wp:featuredmedia":[{"embeddable":true,"href":"http:\/\/www.namnewsnetwork.org\/es\/index.php?rest_route=\/wp\/v2\/media\/72175"}],"wp:attachment":[{"href":"http:\/\/www.namnewsnetwork.org\/es\/index.php?rest_route=%2Fwp%2Fv2%2Fmedia&parent=72136"}],"wp:term":[{"taxonomy":"category","embeddable":true,"href":"http:\/\/www.namnewsnetwork.org\/es\/index.php?rest_route=%2Fwp%2Fv2%2Fcategories&post=72136"},{"taxonomy":"post_tag","embeddable":true,"href":"http:\/\/www.namnewsnetwork.org\/es\/index.php?rest_route=%2Fwp%2Fv2%2Ftags&post=72136"}],"curies":[{"name":"wp","href":"https:\/\/api.w.org\/{rel}","templated":true}]}}