{"id":65649,"date":"2022-01-25T13:32:02","date_gmt":"2022-01-25T05:32:02","guid":{"rendered":"http:\/\/www.namnewsnetwork.org\/es\/?p=65649"},"modified":"2022-01-25T13:32:03","modified_gmt":"2022-01-25T05:32:03","slug":"posponen-el-carnaval-de-barranquilla-por-nueva-ola-de-casos-de-covid-19","status":"publish","type":"post","link":"http:\/\/www.namnewsnetwork.org\/es\/?p=65649","title":{"rendered":"Posponen el Carnaval de Barranquilla por nueva ola de casos de COVID-19"},"content":{"rendered":"\n<p>BOGOT\u00c1, 25 de enero (NNN-ANDINA) &#8212; El Carnaval de Barranquilla, uno de los m\u00e1s populares de Am\u00e9rica Latina despu\u00e9s del de R\u00edo de Janeiro, fue pospuesto para finales de marzo ante la explosi\u00f3n de casos de COVID-19 por la variante \u00f3micron, anunci\u00f3 la m\u00e1xima autoridad de esa ciudad portuaria colombiana.<\/p>\n\n\n\n<p>&#8220;Hemos tomado la decisi\u00f3n de aplazar el Carnaval de Barranquilla para que inicie el fin de semana del 25 de marzo de 2022&#8221;, se\u00f1al\u00f3 el alcalde Jaime Pumarejo en Twitter.<\/p>\n\n\n\n<p>El espect\u00e1culo cultural, que re\u00fane a casi dos millones de asistentes y forma parte del Patrimonio Oral e Inmaterial de la Humanidad seg\u00fan la Unesco, deb\u00eda comenzar a finales de febrero.<\/p>\n\n\n\n<p>Pumarejo justific\u00f3 el aplazamiento ante &#8220;el cuarto pico&#8221; de la pandemia, que el a\u00f1o pasado oblig\u00f3 a restringir la fiesta a presentaciones virtuales.<\/p>\n\n\n\n<p>&#8220;Les pedimos comprensi\u00f3n a los barranquilleros en esta decisi\u00f3n. Hemos entendido que primero va la salud, la responsabilidad y la mesura&#8221;, agreg\u00f3 el alcalde.<\/p>\n\n\n\n<p>Al mismo tiempo, prometi\u00f3 &#8220;un carnaval de vida, esperanza y de empleo&#8221; en su pr\u00f3xima edici\u00f3n.<\/p>\n\n\n\n<p>Sin las dimensiones del carnaval de Rio de Janeiro, la fiesta barranquillera es la m\u00e1s importante y popular de Colombia.<\/p>\n\n\n\n<p>El festejo de varios d\u00edas se caracteriza por la m\u00fasica y los disfraces, sobre todo de animales que vienen de la mitolog\u00eda de campesinos y pescadores de los valles del r\u00edo Magdalena.<\/p>\n\n\n\n<p>Despu\u00e9s de varios meses, el pa\u00eds de 50 millones habitantes volvi\u00f3 a superar el fin de semana los 200 muertos y m\u00e1s de 25.000 contagios diarios por cuenta de la variedad \u00f3micron.<\/p>\n\n\n\n<p>Poco m\u00e1s de 30 millones de personas han completado su esquema de vacunaci\u00f3n.<\/p>\n\n\n\n<p>Desde marzo de 2020, Colombia ha reportado poco m\u00e1s de 132.240 muertes y casi seis millones de infectados por el virus.<br>&#8212; NNN-ANDINA<\/p>\n","protected":false},"excerpt":{"rendered":"<p>BOGOT\u00c1, 25 de enero (NNN-ANDINA) &#8212; El Carnaval de Barranquilla, uno de los m\u00e1s populares de Am\u00e9rica Latina despu\u00e9s del de R\u00edo de Janeiro, fue pospuesto para finales de marzo ante la explosi\u00f3n de casos de COVID-19 por la variante \u00f3micron, anunci\u00f3 la m\u00e1xima autoridad de esa ciudad portuaria colombiana. &#8220;Hemos tomado la decisi\u00f3n de [&hellip;]<\/p>\n","protected":false},"author":2,"featured_media":65659,"comment_status":"closed","ping_status":"closed","sticky":false,"template":"","format":"standard","meta":[],"categories":[215,277,211,198],"tags":[],"_links":{"self":[{"href":"http:\/\/www.namnewsnetwork.org\/es\/index.php?rest_route=\/wp\/v2\/posts\/65649"}],"collection":[{"href":"http:\/\/www.namnewsnetwork.org\/es\/index.php?rest_route=\/wp\/v2\/posts"}],"about":[{"href":"http:\/\/www.namnewsnetwork.org\/es\/index.php?rest_route=\/wp\/v2\/types\/post"}],"author":[{"embeddable":true,"href":"http:\/\/www.namnewsnetwork.org\/es\/index.php?rest_route=\/wp\/v2\/users\/2"}],"replies":[{"embeddable":true,"href":"http:\/\/www.namnewsnetwork.org\/es\/index.php?rest_route=%2Fwp%2Fv2%2Fcomments&post=65649"}],"version-history":[{"count":1,"href":"http:\/\/www.namnewsnetwork.org\/es\/index.php?rest_route=\/wp\/v2\/posts\/65649\/revisions"}],"predecessor-version":[{"id":65660,"href":"http:\/\/www.namnewsnetwork.org\/es\/index.php?rest_route=\/wp\/v2\/posts\/65649\/revisions\/65660"}],"wp:featuredmedia":[{"embeddable":true,"href":"http:\/\/www.namnewsnetwork.org\/es\/index.php?rest_route=\/wp\/v2\/media\/65659"}],"wp:attachment":[{"href":"http:\/\/www.namnewsnetwork.org\/es\/index.php?rest_route=%2Fwp%2Fv2%2Fmedia&parent=65649"}],"wp:term":[{"taxonomy":"category","embeddable":true,"href":"http:\/\/www.namnewsnetwork.org\/es\/index.php?rest_route=%2Fwp%2Fv2%2Fcategories&post=65649"},{"taxonomy":"post_tag","embeddable":true,"href":"http:\/\/www.namnewsnetwork.org\/es\/index.php?rest_route=%2Fwp%2Fv2%2Ftags&post=65649"}],"curies":[{"name":"wp","href":"https:\/\/api.w.org\/{rel}","templated":true}]}}