{"id":65390,"date":"2022-01-21T12:09:58","date_gmt":"2022-01-21T04:09:58","guid":{"rendered":"http:\/\/www.namnewsnetwork.org\/es\/?p=65390"},"modified":"2022-01-21T12:09:59","modified_gmt":"2022-01-21T04:09:59","slug":"portugal-reporta-record-diario-de-contagios-a-10-dias-de-elecciones","status":"publish","type":"post","link":"http:\/\/www.namnewsnetwork.org\/es\/?p=65390","title":{"rendered":"Portugal reporta r\u00e9cord diario de contagios a 10 d\u00edas de elecciones"},"content":{"rendered":"\n<p>LISBOA, 21 de enero (NNN-ANDINA) &#8212; Portugal notific\u00f3 el jueves nuevo r\u00e9cord diario de contagios con un total de 56.426 positivos, en una jornada con 34 muertes, cuando faltan apenas diez d\u00edas para las elecciones legislativas.<\/p>\n\n\n\n<p>La incidencia a 14 d\u00edas est\u00e1 en 4.490,9 casos por 100.000 habitantes, casi 300 m\u00e1s que el dato previo, mientras que el \u00edndice del riesgo de transmisi\u00f3n, Rt, es de 1,11.<\/p>\n\n\n\n<p>El n\u00famero de hospitalizados subi\u00f3 a 2.004, de los que 152 se encuentran en cuidados intensivos, uno menos que el mi\u00e9rcoles, seg\u00fan el bolet\u00edn divulgado el jueves por la Direcci\u00f3n General de Salud (DGS).<\/p>\n\n\n\n<p>La variante \u00f3micron representa el 93 % de los casos detectados actualmente en el pa\u00eds, seg\u00fan el \u00faltimo informe del Instituto Nacional de Salud (INSA).<\/p>\n\n\n\n<p>Las personas que est\u00e9n confinadas el 30 de enero, d\u00eda de las elecciones legislativas en Portugal, podr\u00e1n salir de casa para ir a votar y el Gobierno recomend\u00f3 el jueves que ejerzan su derecho en la \u00faltima hora, entre las 18 y las 19 horas (GMT).<\/p>\n\n\n\n<p>As\u00ed lo acord\u00f3 el jueves el Consejo de Ministros del Gobierno luso, seg\u00fan avanz\u00f3 en rueda de prensa la ministra de Administraci\u00f3n Interna, Francisca Van Dunem, y tras un informe de la Fiscal\u00eda portuguesa en el que refrenda el derecho a votar de los confinados.<\/p>\n\n\n\n<p>En los \u00faltimos d\u00edas, los expertos vaticinaban que para esa jornada podr\u00eda haber 400.000 confinados y aunque medios locales apuntan el jueves que podr\u00edan llegar a 600.000 personas.<\/p>\n\n\n\n<p>A falta de diez d\u00edas para los comicios, Portugal registra 384.568 casos activos de COVID-19, que est\u00e1n en cuarentena.<\/p>\n\n\n\n<p>Van Dunem apel\u00f3 al &#8220;comportamiento ejemplar&#8221; de los portugueses, al igual que ya ocurri\u00f3 en otras circunstancias, como la vacunaci\u00f3n o el uso de la mascarilla, record\u00f3 la ministra.<\/p>\n\n\n\n<p>Tras la decisi\u00f3n del Gobierno, la Asociaci\u00f3n Nacional de los M\u00e9dicos de Salud P\u00fablica (ANMSP) emiti\u00f3 un comunicado contrario a esta medida y recomiendan que los confinados voten en un horario y en un local distinto al resto.<\/p>\n\n\n\n<p>El objetivo, seg\u00fan los m\u00e9dicos, es evitar el contacto entre personas contagiadas y no infectadas.<\/p>\n\n\n\n<p>La medida anunciada el jueves por el Ejecutivo luso puede acarrear &#8220;nuevas dificultadas al ejercicio profesional de los m\u00e9dicos de salud p\u00fablica&#8221;, asegura en el comunicado el \u00f3rgano representativo de los facultativos.<\/p>\n\n\n\n<p>Portugal est\u00e1 inmerso en la quinta ola de COVID-19 y ya ha pasado los dos millones de contagios desde que estall\u00f3 la pandemia.<br>&#8212; NNN-ANDINA<\/p>\n","protected":false},"excerpt":{"rendered":"<p>LISBOA, 21 de enero (NNN-ANDINA) &#8212; Portugal notific\u00f3 el jueves nuevo r\u00e9cord diario de contagios con un total de 56.426 positivos, en una jornada con 34 muertes, cuando faltan apenas diez d\u00edas para las elecciones legislativas. La incidencia a 14 d\u00edas est\u00e1 en 4.490,9 casos por 100.000 habitantes, casi 300 m\u00e1s que el dato previo, [&hellip;]<\/p>\n","protected":false},"author":2,"featured_media":65414,"comment_status":"closed","ping_status":"closed","sticky":false,"template":"","format":"standard","meta":[],"categories":[210,278,211,198],"tags":[],"_links":{"self":[{"href":"http:\/\/www.namnewsnetwork.org\/es\/index.php?rest_route=\/wp\/v2\/posts\/65390"}],"collection":[{"href":"http:\/\/www.namnewsnetwork.org\/es\/index.php?rest_route=\/wp\/v2\/posts"}],"about":[{"href":"http:\/\/www.namnewsnetwork.org\/es\/index.php?rest_route=\/wp\/v2\/types\/post"}],"author":[{"embeddable":true,"href":"http:\/\/www.namnewsnetwork.org\/es\/index.php?rest_route=\/wp\/v2\/users\/2"}],"replies":[{"embeddable":true,"href":"http:\/\/www.namnewsnetwork.org\/es\/index.php?rest_route=%2Fwp%2Fv2%2Fcomments&post=65390"}],"version-history":[{"count":1,"href":"http:\/\/www.namnewsnetwork.org\/es\/index.php?rest_route=\/wp\/v2\/posts\/65390\/revisions"}],"predecessor-version":[{"id":65415,"href":"http:\/\/www.namnewsnetwork.org\/es\/index.php?rest_route=\/wp\/v2\/posts\/65390\/revisions\/65415"}],"wp:featuredmedia":[{"embeddable":true,"href":"http:\/\/www.namnewsnetwork.org\/es\/index.php?rest_route=\/wp\/v2\/media\/65414"}],"wp:attachment":[{"href":"http:\/\/www.namnewsnetwork.org\/es\/index.php?rest_route=%2Fwp%2Fv2%2Fmedia&parent=65390"}],"wp:term":[{"taxonomy":"category","embeddable":true,"href":"http:\/\/www.namnewsnetwork.org\/es\/index.php?rest_route=%2Fwp%2Fv2%2Fcategories&post=65390"},{"taxonomy":"post_tag","embeddable":true,"href":"http:\/\/www.namnewsnetwork.org\/es\/index.php?rest_route=%2Fwp%2Fv2%2Ftags&post=65390"}],"curies":[{"name":"wp","href":"https:\/\/api.w.org\/{rel}","templated":true}]}}