{"id":62820,"date":"2021-12-06T23:39:41","date_gmt":"2021-12-06T15:39:41","guid":{"rendered":"http:\/\/www.namnewsnetwork.org\/es\/?p=62820"},"modified":"2021-12-06T23:50:09","modified_gmt":"2021-12-06T15:50:09","slug":"presidente-de-myanmar-y-consejera-de-estado-sentenciados-a-cuatro-anos-de-prision","status":"publish","type":"post","link":"http:\/\/www.namnewsnetwork.org\/es\/?p=62820","title":{"rendered":"Presidente de Myanmar y consejera de Estado sentenciados a cuatro a\u00f1os de prisi\u00f3n"},"content":{"rendered":"\n<p>YANG\u00d3N, 6 de diciembre (NNN-XINHUA) &#8212; El presidente de Myanmar, U Win Myint, y la consejera de Estado, Aung San Suu Kyi, ambos detenidos desde febrero, fueron condenados el lunes a cuatro a\u00f1os de prisi\u00f3n, dijo a Xinhua el general de divisi\u00f3n Zaw Min Tun, jefe del equipo de informaci\u00f3n del Consejo de Administraci\u00f3n del Estado.<\/p>\n\n\n\n<p>U Win Myint y Aung San Suu Kyi fueron condenados por cargos de incitaci\u00f3n bajo la Secci\u00f3n 505 (b) del C\u00f3digo Penal y por violar la Ley de Gesti\u00f3n de Desastres Naturales.<\/p>\n\n\n\n<p>Tras su detenci\u00f3n el 1 de febrero junto con otros funcionarios de la Liga Nacional para la Democracia (LND), el poder estatal de Myanmar fue transferido al comandante en jefe de los Servicios de Defensa, general Min Aung Hlaing, luego de la declaraci\u00f3n de un estado de emergencia.<\/p>\n\n\n\n<p>Desde su detenci\u00f3n, Aung San Suu Kyi ha sido acusada de 11 delitos, como violar la Ley de Secretos Oficiales, entre otros, mientras que U Win Myint ha sido acusado de dos cargos de incitaci\u00f3n y de incumplimiento de la Ley de Gesti\u00f3n de Desastres Naturales.<\/p>\n\n\n\n<p>Los juicios por otros cargos contra Aung San Suu Kyi se llevar\u00e1n a cabo pr\u00f3ximamente.<\/p>\n\n\n\n<p>El Ej\u00e9rcito ha denunciado un fraude electoral masivo en las elecciones generales del pa\u00eds de noviembre de 2020, en las que la LND obtuvo la mayor\u00eda de esca\u00f1os en ambas c\u00e1maras del Parlamento.<\/p>\n\n\n\n<p>El partido LND gan\u00f3 una mayor\u00eda absoluta de esca\u00f1os parlamentarios en las elecciones generales del 8 de noviembre de 2015 y hab\u00eda estado al frente del Gobierno desde 2016. Se esperaba que el mandato de cinco a\u00f1os del Gobierno de la LND terminara en marzo de 2021.<br>\n&#8212; NNN-XINHUA<\/p>\n","protected":false},"excerpt":{"rendered":"<p>YANG\u00d3N, 6 de diciembre (NNN-XINHUA) &#8212; El presidente de Myanmar, U Win Myint, y la consejera de Estado, Aung San Suu Kyi, ambos detenidos desde febrero, fueron condenados el lunes a cuatro a\u00f1os de prisi\u00f3n, dijo a Xinhua el general de divisi\u00f3n Zaw Min Tun, jefe del equipo de informaci\u00f3n del Consejo de Administraci\u00f3n del [&hellip;]<\/p>\n","protected":false},"author":2,"featured_media":62830,"comment_status":"closed","ping_status":"closed","sticky":false,"template":"","format":"standard","meta":[],"categories":[274,208,211],"tags":[],"_links":{"self":[{"href":"http:\/\/www.namnewsnetwork.org\/es\/index.php?rest_route=\/wp\/v2\/posts\/62820"}],"collection":[{"href":"http:\/\/www.namnewsnetwork.org\/es\/index.php?rest_route=\/wp\/v2\/posts"}],"about":[{"href":"http:\/\/www.namnewsnetwork.org\/es\/index.php?rest_route=\/wp\/v2\/types\/post"}],"author":[{"embeddable":true,"href":"http:\/\/www.namnewsnetwork.org\/es\/index.php?rest_route=\/wp\/v2\/users\/2"}],"replies":[{"embeddable":true,"href":"http:\/\/www.namnewsnetwork.org\/es\/index.php?rest_route=%2Fwp%2Fv2%2Fcomments&post=62820"}],"version-history":[{"count":1,"href":"http:\/\/www.namnewsnetwork.org\/es\/index.php?rest_route=\/wp\/v2\/posts\/62820\/revisions"}],"predecessor-version":[{"id":62831,"href":"http:\/\/www.namnewsnetwork.org\/es\/index.php?rest_route=\/wp\/v2\/posts\/62820\/revisions\/62831"}],"wp:featuredmedia":[{"embeddable":true,"href":"http:\/\/www.namnewsnetwork.org\/es\/index.php?rest_route=\/wp\/v2\/media\/62830"}],"wp:attachment":[{"href":"http:\/\/www.namnewsnetwork.org\/es\/index.php?rest_route=%2Fwp%2Fv2%2Fmedia&parent=62820"}],"wp:term":[{"taxonomy":"category","embeddable":true,"href":"http:\/\/www.namnewsnetwork.org\/es\/index.php?rest_route=%2Fwp%2Fv2%2Fcategories&post=62820"},{"taxonomy":"post_tag","embeddable":true,"href":"http:\/\/www.namnewsnetwork.org\/es\/index.php?rest_route=%2Fwp%2Fv2%2Ftags&post=62820"}],"curies":[{"name":"wp","href":"https:\/\/api.w.org\/{rel}","templated":true}]}}