{"id":62738,"date":"2021-12-05T23:51:03","date_gmt":"2021-12-05T15:51:03","guid":{"rendered":"http:\/\/www.namnewsnetwork.org\/es\/?p=62738"},"modified":"2021-12-05T23:57:02","modified_gmt":"2021-12-05T15:57:02","slug":"japon-busca-acelerar-vacunacion-de-refuerzo-contra-la-covid-19","status":"publish","type":"post","link":"http:\/\/www.namnewsnetwork.org\/es\/?p=62738","title":{"rendered":"Jap\u00f3n busca acelerar vacunaci\u00f3n de refuerzo contra la COVID-19"},"content":{"rendered":"\n<p>TOK\u00cdO, 5 de diciembre (NNN-PRENSA LATINA) &#8212; Jap\u00f3n acortar\u00e1 el intervalo actual entre la segunda y la tercera inyecci\u00f3n de la vacuna contra el coronavirus SARS CoV-2, debido a las crecientes preocupaciones por la nueva variante \u00d3micron, asegur\u00f3 el domingo un alto funcionario del gobierno.<\/p>\n\n\n\n<p>En un programa de Fuji TV, el subsecretario del gabinete Seiji Kihara asegur\u00f3 que el Estado trabaja con los gobiernos locales para acortar el intervalo a menos seis meses, con la vacuna anti-COVID-19 de Moderna Inc., pendiente de aprobaci\u00f3n para usar como refuerzo.<\/p>\n\n\n\n<p>La naci\u00f3n nipona estableci\u00f3 inicialmente un intervalo de al menos ocho meses para la vacuna de refuerzo, pero luego lo redujo a seis meses en casos excepcionales, aunque finalmente se adopt\u00f3 la norma de los ocho meses.<\/p>\n\n\n\n<p>El pasado mi\u00e9rcoles, el gobierno comenz\u00f3 a administrar terceras dosis de la vacuna desarrollada por Pfizer Inc. y BioNTech SE a los profesionales de la salud que recibieron su segunda inyecci\u00f3n hace al menos ocho meses.<\/p>\n\n\n\n<p>El inmun\u00f3geno de Pfizer es actualmente el \u00fanico aprobado como refuerzo en Jap\u00f3n; sin embargo, la direcci\u00f3n estatal considera que la vacuna de refuerzo puede ser de una marca diferente a las dos inyecciones administradas anteriormente.<br>\n&#8212; NNN-PRENSA LATINA<\/p>\n","protected":false},"excerpt":{"rendered":"<p>TOK\u00cdO, 5 de diciembre (NNN-PRENSA LATINA) &#8212; Jap\u00f3n acortar\u00e1 el intervalo actual entre la segunda y la tercera inyecci\u00f3n de la vacuna contra el coronavirus SARS CoV-2, debido a las crecientes preocupaciones por la nueva variante \u00d3micron, asegur\u00f3 el domingo un alto funcionario del gobierno. En un programa de Fuji TV, el subsecretario del gabinete [&hellip;]<\/p>\n","protected":false},"author":2,"featured_media":62753,"comment_status":"closed","ping_status":"closed","sticky":false,"template":"","format":"standard","meta":[],"categories":[274,208,211,198],"tags":[],"_links":{"self":[{"href":"http:\/\/www.namnewsnetwork.org\/es\/index.php?rest_route=\/wp\/v2\/posts\/62738"}],"collection":[{"href":"http:\/\/www.namnewsnetwork.org\/es\/index.php?rest_route=\/wp\/v2\/posts"}],"about":[{"href":"http:\/\/www.namnewsnetwork.org\/es\/index.php?rest_route=\/wp\/v2\/types\/post"}],"author":[{"embeddable":true,"href":"http:\/\/www.namnewsnetwork.org\/es\/index.php?rest_route=\/wp\/v2\/users\/2"}],"replies":[{"embeddable":true,"href":"http:\/\/www.namnewsnetwork.org\/es\/index.php?rest_route=%2Fwp%2Fv2%2Fcomments&post=62738"}],"version-history":[{"count":1,"href":"http:\/\/www.namnewsnetwork.org\/es\/index.php?rest_route=\/wp\/v2\/posts\/62738\/revisions"}],"predecessor-version":[{"id":62756,"href":"http:\/\/www.namnewsnetwork.org\/es\/index.php?rest_route=\/wp\/v2\/posts\/62738\/revisions\/62756"}],"wp:featuredmedia":[{"embeddable":true,"href":"http:\/\/www.namnewsnetwork.org\/es\/index.php?rest_route=\/wp\/v2\/media\/62753"}],"wp:attachment":[{"href":"http:\/\/www.namnewsnetwork.org\/es\/index.php?rest_route=%2Fwp%2Fv2%2Fmedia&parent=62738"}],"wp:term":[{"taxonomy":"category","embeddable":true,"href":"http:\/\/www.namnewsnetwork.org\/es\/index.php?rest_route=%2Fwp%2Fv2%2Fcategories&post=62738"},{"taxonomy":"post_tag","embeddable":true,"href":"http:\/\/www.namnewsnetwork.org\/es\/index.php?rest_route=%2Fwp%2Fv2%2Ftags&post=62738"}],"curies":[{"name":"wp","href":"https:\/\/api.w.org\/{rel}","templated":true}]}}