{"id":62729,"date":"2021-12-06T12:19:24","date_gmt":"2021-12-06T04:19:24","guid":{"rendered":"http:\/\/www.namnewsnetwork.org\/es\/?p=62729"},"modified":"2021-12-06T12:33:04","modified_gmt":"2021-12-06T04:33:04","slug":"talibanes-niegan-ejecuciones-de-ex-miembros-de-las-fuerzas-armadas","status":"publish","type":"post","link":"http:\/\/www.namnewsnetwork.org\/es\/?p=62729","title":{"rendered":"Talibanes niegan ejecuciones de ex miembros de las fuerzas armadas"},"content":{"rendered":"\n<p>KABUL, 6 de diciembre (NNN-TELESUR) &#8212; Los talibanes negaron el domingo haber perpetrado asesinatos de ex miembros de las fuerzas de seguridad afganas tras su retorno al poder, como se\u00f1alaron el viernes Estados Unidos, sus aliados occidentales y organizaciones de defensa de los derechos humanos.<\/p>\n\n\n\n<div class=\"wp-block-image\"><figure class=\"alignright is-resized\"><img loading=\"lazy\" src=\"http:\/\/www.namnewsnetwork.org\/es\/wp-content\/uploads\/2021\/12\/Talibanes-rechazan-ejecuciones-de-exmiembros-de-fuerzas-armadas.jpg\" alt=\"\" class=\"wp-image-62799\" width=\"301\" height=\"170\" srcset=\"http:\/\/www.namnewsnetwork.org\/es\/wp-content\/uploads\/2021\/12\/Talibanes-rechazan-ejecuciones-de-exmiembros-de-fuerzas-armadas.jpg 420w, http:\/\/www.namnewsnetwork.org\/es\/wp-content\/uploads\/2021\/12\/Talibanes-rechazan-ejecuciones-de-exmiembros-de-fuerzas-armadas-300x169.jpg 300w\" sizes=\"(max-width: 301px) 100vw, 301px\" \/><figcaption>Foto: Twitter @radmilpet <\/figcaption><\/figure><\/div>\n\n\n\n<p>&#8220;La gente debe hablar con responsabilidad en las plataformas internacionales y citar pruebas, sin hacer afirmaciones basadas en rumores y propaganda&#8221;, indic\u00f3 el portavoz adjunto talib\u00e1n Inamul\u00e1 Samangani en declaraciones a la cadena afgana Tolo News.<\/p>\n\n\n\n<p>&#8220;Esta informaci\u00f3n no se apoya en ninguna evidencia. Por lo tanto, la rechazamos&#8221;, indic\u00f3 el portavoz del ministerio del Interior del gobierno talib\u00e1n, Qari Sayed Khosti, en un video enviado a la prensa.<\/p>\n\n\n\n<p>&#8220;Si disponen de documentos y pruebas, deber\u00edan mostr\u00e1rnoslos&#8221;, agreg\u00f3, a la vez que consider\u00f3 &#8220;injusto&#8221; acusar a los talibanes de estos asesinatos.<\/p>\n\n\n\n<p>EE.UU., junto a una docena de aliados, entre los cuales la Uni\u00f3n Europea, Reino Unido y Jap\u00f3n, se mostraron &#8220;preocupados&#8221; por una serie de &#8220;ejecuciones sumarias&#8221; de las que se acusa a los talibanes de estar llevando a cabo contra antiguos miembros de las fuerzas de seguridad Afganas.<\/p>\n\n\n\n<p>&#8220;Los casos denunciados deben investigarse con prontitud y de manera transparente, los responsables deben rendir cuentas&#8221;, exige el comunicado.<\/p>\n\n\n\n<p>En la declaraci\u00f3n, el grupo de pa\u00edses subray\u00f3 que estas acciones &#8220;constituyen graves abusos contra los derechos humanos y contradicen la amnist\u00eda anunciada&#8221;. Adem\u00e1s, pidieron que los talibanes aseguren que se aplique la amnist\u00eda y que esta sea v\u00e1lida para todo Afganist\u00e1n.<br>\n&#8212; NNN-TELESUR<\/p>\n","protected":false},"excerpt":{"rendered":"<p>KABUL, 6 de diciembre (NNN-TELESUR) &#8212; Los talibanes negaron el domingo haber perpetrado asesinatos de ex miembros de las fuerzas de seguridad afganas tras su retorno al poder, como se\u00f1alaron el viernes Estados Unidos, sus aliados occidentales y organizaciones de defensa de los derechos humanos. &#8220;La gente debe hablar con responsabilidad en las plataformas internacionales [&hellip;]<\/p>\n","protected":false},"author":2,"featured_media":62799,"comment_status":"closed","ping_status":"closed","sticky":false,"template":"","format":"standard","meta":[],"categories":[274,208,211],"tags":[],"_links":{"self":[{"href":"http:\/\/www.namnewsnetwork.org\/es\/index.php?rest_route=\/wp\/v2\/posts\/62729"}],"collection":[{"href":"http:\/\/www.namnewsnetwork.org\/es\/index.php?rest_route=\/wp\/v2\/posts"}],"about":[{"href":"http:\/\/www.namnewsnetwork.org\/es\/index.php?rest_route=\/wp\/v2\/types\/post"}],"author":[{"embeddable":true,"href":"http:\/\/www.namnewsnetwork.org\/es\/index.php?rest_route=\/wp\/v2\/users\/2"}],"replies":[{"embeddable":true,"href":"http:\/\/www.namnewsnetwork.org\/es\/index.php?rest_route=%2Fwp%2Fv2%2Fcomments&post=62729"}],"version-history":[{"count":1,"href":"http:\/\/www.namnewsnetwork.org\/es\/index.php?rest_route=\/wp\/v2\/posts\/62729\/revisions"}],"predecessor-version":[{"id":62800,"href":"http:\/\/www.namnewsnetwork.org\/es\/index.php?rest_route=\/wp\/v2\/posts\/62729\/revisions\/62800"}],"wp:featuredmedia":[{"embeddable":true,"href":"http:\/\/www.namnewsnetwork.org\/es\/index.php?rest_route=\/wp\/v2\/media\/62799"}],"wp:attachment":[{"href":"http:\/\/www.namnewsnetwork.org\/es\/index.php?rest_route=%2Fwp%2Fv2%2Fmedia&parent=62729"}],"wp:term":[{"taxonomy":"category","embeddable":true,"href":"http:\/\/www.namnewsnetwork.org\/es\/index.php?rest_route=%2Fwp%2Fv2%2Fcategories&post=62729"},{"taxonomy":"post_tag","embeddable":true,"href":"http:\/\/www.namnewsnetwork.org\/es\/index.php?rest_route=%2Fwp%2Fv2%2Ftags&post=62729"}],"curies":[{"name":"wp","href":"https:\/\/api.w.org\/{rel}","templated":true}]}}