{"id":62608,"date":"2021-12-03T23:51:55","date_gmt":"2021-12-03T15:51:55","guid":{"rendered":"http:\/\/www.namnewsnetwork.org\/es\/?p=62608"},"modified":"2021-12-04T00:09:16","modified_gmt":"2021-12-03T16:09:16","slug":"sri-lanka-detecta-su-primer-caso-de-la-variante-omicron","status":"publish","type":"post","link":"http:\/\/www.namnewsnetwork.org\/es\/?p=62608","title":{"rendered":"Sri Lanka detecta su primer caso de la variante \u00d3micron"},"content":{"rendered":"\n<p>COLOMBO, 3 de diciembre (NNN-PRENSA LATINA) &#8212; Sri Lanka detect\u00f3 el viernes su primer caso de la nueva variante \u00d3micron del coronavirus SARS-CoV-2, causante de la pandemia de COVID-19, anunci\u00f3 el director general Adjunto de Servicios de Salud, Hemantha Herath.<\/p>\n\n\n\n<p>La persona lleg\u00f3 de una naci\u00f3n africana y estaba en cuarentena junto con los miembros de su familia, acot\u00f3 el funcionario.<\/p>\n\n\n\n<p>El gobierno de Sri Lanka anunci\u00f3 el pasado 28 de noviembre que las personas llegadas de Sud\u00e1frica, Botsuana, Zimbabue, Namibia, Lesoto y Eswatini deb\u00edan someterse a una cuarentena obligatoria.<\/p>\n\n\n\n<p>Hasta la fecha, el total de infecciones por COVID-19 desde marzo de 2020 ascIendEN en Sri Lanka a 565 mil 471, con saldo de 14 mil 399 muertos.<\/p>\n\n\n\n<p>Actualmente, nueve mil 948 personas est\u00e1n bajo atenci\u00f3n m\u00e9dica o domiciliaria y dos mil 666 son sospechosas de tener COVID-19 y est\u00e1n en observaci\u00f3n.<\/p>\n\n\n\n<p>La Unidad de Epidemiolog\u00eda afirm\u00f3 que 541 mil 124 personas se recuperaron de la COVID-19 en el pa\u00eds.<\/p>\n\n\n\n<p>Sri Lanka puso fin el 1 de octubre a su bloqueo, que dur\u00f3 desde mediados de agosto. La tercera ola del coronavirus lleg\u00f3 a mediados de abril.<\/p>\n\n\n\n<p>La nueva variante B.1.1.529, potencialmente m\u00e1s contagiosa, fue notificada por primera vez por la Organizaci\u00f3n Mundial de la Salud desde Sud\u00e1frica el 24 de noviembre.<\/p>\n\n\n\n<p>Seg\u00fan la profesora Neelika Malavige, jefa del Departamento de Inmunolog\u00eda y Medicina Molecular de la Universidad de Sri Jayewardenepura, la variante \u00d3micron puede propagarse m\u00e1s r\u00e1pido que las cuatro cepas anteriores.<\/p>\n\n\n\n<p>Sin embargo, dijo que en las pr\u00f3ximas dos semanas se podr\u00e1 tener una idea m\u00e1s clara acerca de su comportamiento.<br>\n&#8212; NNN-PRENSA LATINA<\/p>\n","protected":false},"excerpt":{"rendered":"<p>COLOMBO, 3 de diciembre (NNN-PRENSA LATINA) &#8212; Sri Lanka detect\u00f3 el viernes su primer caso de la nueva variante \u00d3micron del coronavirus SARS-CoV-2, causante de la pandemia de COVID-19, anunci\u00f3 el director general Adjunto de Servicios de Salud, Hemantha Herath. La persona lleg\u00f3 de una naci\u00f3n africana y estaba en cuarentena junto con los miembros [&hellip;]<\/p>\n","protected":false},"author":2,"featured_media":62638,"comment_status":"closed","ping_status":"closed","sticky":false,"template":"","format":"standard","meta":[],"categories":[274,208,211,198],"tags":[],"_links":{"self":[{"href":"http:\/\/www.namnewsnetwork.org\/es\/index.php?rest_route=\/wp\/v2\/posts\/62608"}],"collection":[{"href":"http:\/\/www.namnewsnetwork.org\/es\/index.php?rest_route=\/wp\/v2\/posts"}],"about":[{"href":"http:\/\/www.namnewsnetwork.org\/es\/index.php?rest_route=\/wp\/v2\/types\/post"}],"author":[{"embeddable":true,"href":"http:\/\/www.namnewsnetwork.org\/es\/index.php?rest_route=\/wp\/v2\/users\/2"}],"replies":[{"embeddable":true,"href":"http:\/\/www.namnewsnetwork.org\/es\/index.php?rest_route=%2Fwp%2Fv2%2Fcomments&post=62608"}],"version-history":[{"count":1,"href":"http:\/\/www.namnewsnetwork.org\/es\/index.php?rest_route=\/wp\/v2\/posts\/62608\/revisions"}],"predecessor-version":[{"id":62641,"href":"http:\/\/www.namnewsnetwork.org\/es\/index.php?rest_route=\/wp\/v2\/posts\/62608\/revisions\/62641"}],"wp:featuredmedia":[{"embeddable":true,"href":"http:\/\/www.namnewsnetwork.org\/es\/index.php?rest_route=\/wp\/v2\/media\/62638"}],"wp:attachment":[{"href":"http:\/\/www.namnewsnetwork.org\/es\/index.php?rest_route=%2Fwp%2Fv2%2Fmedia&parent=62608"}],"wp:term":[{"taxonomy":"category","embeddable":true,"href":"http:\/\/www.namnewsnetwork.org\/es\/index.php?rest_route=%2Fwp%2Fv2%2Fcategories&post=62608"},{"taxonomy":"post_tag","embeddable":true,"href":"http:\/\/www.namnewsnetwork.org\/es\/index.php?rest_route=%2Fwp%2Fv2%2Ftags&post=62608"}],"curies":[{"name":"wp","href":"https:\/\/api.w.org\/{rel}","templated":true}]}}