{"id":62576,"date":"2021-12-02T23:26:42","date_gmt":"2021-12-02T15:26:42","guid":{"rendered":"http:\/\/www.namnewsnetwork.org\/es\/?p=62576"},"modified":"2021-12-02T23:43:02","modified_gmt":"2021-12-02T15:43:02","slug":"indonesia-asume-oficialmente-la-presidencia-del-g20","status":"publish","type":"post","link":"http:\/\/www.namnewsnetwork.org\/es\/?p=62576","title":{"rendered":"Indonesia asume oficialmente la presidencia del G20"},"content":{"rendered":"\n<p>YAKARTA, 2 de diciembre (NNN-VNA) &#8212; Indonesia asumi\u00f3 oficialmente la presidencia del Grupo de los Veinte (G20) durante una ceremonia solemne a la que asisti\u00f3 el presidente del pa\u00eds del Sudeste Asi\u00e1tico, Joko Widodo.<\/p>\n\n\n\n<div class=\"wp-block-image\"><figure class=\"alignright is-resized\"><img loading=\"lazy\" src=\"http:\/\/www.namnewsnetwork.org\/es\/wp-content\/uploads\/2021\/12\/Indonesia-asume-la-presidencia-del-G20.jpg\" alt=\"\" class=\"wp-image-62585\" width=\"376\" height=\"212\" srcset=\"http:\/\/www.namnewsnetwork.org\/es\/wp-content\/uploads\/2021\/12\/Indonesia-asume-la-presidencia-del-G20.jpg 421w, http:\/\/www.namnewsnetwork.org\/es\/wp-content\/uploads\/2021\/12\/Indonesia-asume-la-presidencia-del-G20-300x169.jpg 300w\" sizes=\"(max-width: 376px) 100vw, 376px\" \/><figcaption> El presidente de Indonesia, Joko Widodo. (Fuente:suara.com) <\/figcaption><\/figure><\/div>\n\n\n\n<p>En su discurso de apertura, el mandatario dijo que se trata de una buena oportunidad para que Indonesia contribuya m\u00e1s al proceso de recuperaci\u00f3n econ\u00f3mica mundial y el pa\u00eds trabajar\u00e1 junto con otros del grupo para crear grandes avances.<\/p>\n\n\n\n<p>Con el lema \u201cRecuperarnos juntos y m\u00e1s fuertes\u201d, Indonesia se centrar\u00e1 durante su mandato presidencial en la atenci\u00f3n m\u00e9dica integral y la transformaci\u00f3n econ\u00f3mica sobre la base digital y la transici\u00f3n energ\u00e9tica sostenible, se\u00f1al\u00f3.<\/p>\n\n\n\n<p>Al mismo tiempo, Yakarta fortalecer\u00e1 la diplomacia econ\u00f3mica mediante el establecimiento de una arquitectura econ\u00f3mica y sanitaria global en la etapa pos-COVID-19, a la par de luchar por las aspiraciones e intereses de los pa\u00edses en desarrollo y construir un sistema de gesti\u00f3n mundial m\u00e1s justo, apunt\u00f3.<\/p>\n\n\n\n<p>De acuerdo con Joko Widodo, Indonesia continuar\u00e1 trabajando por intensificar la solidaridad mundial en las tareas de soluci\u00f3n de las cuestiones sobre el cambio clim\u00e1tico y el desarrollo sostenible, adem\u00e1s de promover los compromisos de los pa\u00edses desarrollados en aras de apoyar a las naciones en desarrollo.<\/p>\n\n\n\n<p>En octubre, Indonesia recibi\u00f3 la presidencia rotatoria del G20 de Italia, que durar\u00e1 desde el 1 de diciembre de 2021 hasta el 30 de noviembre de 2022.<\/p>\n\n\n\n<p>Establecido en 1999, el grupo re\u00fane a 19 pa\u00edses y la Uni\u00f3n Europea, que representan el 80 por ciento del Producto Interno Bruto y el 75 por ciento de las exportaciones del mundo.<br>\n&#8212; NNN-VNA<\/p>\n","protected":false},"excerpt":{"rendered":"<p>YAKARTA, 2 de diciembre (NNN-VNA) &#8212; Indonesia asumi\u00f3 oficialmente la presidencia del Grupo de los Veinte (G20) durante una ceremonia solemne a la que asisti\u00f3 el presidente del pa\u00eds del Sudeste Asi\u00e1tico, Joko Widodo. En su discurso de apertura, el mandatario dijo que se trata de una buena oportunidad para que Indonesia contribuya m\u00e1s al [&hellip;]<\/p>\n","protected":false},"author":2,"featured_media":62585,"comment_status":"closed","ping_status":"closed","sticky":false,"template":"","format":"standard","meta":[],"categories":[274,208,211],"tags":[],"_links":{"self":[{"href":"http:\/\/www.namnewsnetwork.org\/es\/index.php?rest_route=\/wp\/v2\/posts\/62576"}],"collection":[{"href":"http:\/\/www.namnewsnetwork.org\/es\/index.php?rest_route=\/wp\/v2\/posts"}],"about":[{"href":"http:\/\/www.namnewsnetwork.org\/es\/index.php?rest_route=\/wp\/v2\/types\/post"}],"author":[{"embeddable":true,"href":"http:\/\/www.namnewsnetwork.org\/es\/index.php?rest_route=\/wp\/v2\/users\/2"}],"replies":[{"embeddable":true,"href":"http:\/\/www.namnewsnetwork.org\/es\/index.php?rest_route=%2Fwp%2Fv2%2Fcomments&post=62576"}],"version-history":[{"count":1,"href":"http:\/\/www.namnewsnetwork.org\/es\/index.php?rest_route=\/wp\/v2\/posts\/62576\/revisions"}],"predecessor-version":[{"id":62586,"href":"http:\/\/www.namnewsnetwork.org\/es\/index.php?rest_route=\/wp\/v2\/posts\/62576\/revisions\/62586"}],"wp:featuredmedia":[{"embeddable":true,"href":"http:\/\/www.namnewsnetwork.org\/es\/index.php?rest_route=\/wp\/v2\/media\/62585"}],"wp:attachment":[{"href":"http:\/\/www.namnewsnetwork.org\/es\/index.php?rest_route=%2Fwp%2Fv2%2Fmedia&parent=62576"}],"wp:term":[{"taxonomy":"category","embeddable":true,"href":"http:\/\/www.namnewsnetwork.org\/es\/index.php?rest_route=%2Fwp%2Fv2%2Fcategories&post=62576"},{"taxonomy":"post_tag","embeddable":true,"href":"http:\/\/www.namnewsnetwork.org\/es\/index.php?rest_route=%2Fwp%2Fv2%2Ftags&post=62576"}],"curies":[{"name":"wp","href":"https:\/\/api.w.org\/{rel}","templated":true}]}}