{"id":62367,"date":"2021-11-30T14:03:13","date_gmt":"2021-11-30T06:03:13","guid":{"rendered":"http:\/\/www.namnewsnetwork.org\/es\/?p=62367"},"modified":"2021-11-30T14:11:18","modified_gmt":"2021-11-30T06:11:18","slug":"filipinas-inicia-campana-de-vacunacion-masiva-anti-covid-19","status":"publish","type":"post","link":"http:\/\/www.namnewsnetwork.org\/es\/?p=62367","title":{"rendered":"Filipinas inicia campa\u00f1a de vacunaci\u00f3n masiva anti-COVID-19"},"content":{"rendered":"\n<p>MANILA, 30 de noviembre (NNN-PRENSA LATINA) &#8212; Filipinas inici\u00f3 el lunes una campa\u00f1a rel\u00e1mpago de vacunaci\u00f3n contra la COVID-19 y aplaz\u00f3 la decisi\u00f3n de recibir viajeros de un grupo seleccionado de pa\u00edses donde ya est\u00e1 presente la variante \u00d3micron del coronavirus SARS-CoV-2.<\/p>\n\n\n\n<p>Seg\u00fan anunci\u00f3 el propio presidente Rodrigo Duterte, el pa\u00eds vacunar\u00e1 de lunes a mi\u00e9rcoles a tres millones de personas por d\u00eda, casi cuatro veces el promedio alcanzado en noviembre.<\/p>\n\n\n\n<p>Este es nuestro mayor impulso para acelerar la vacunaci\u00f3n y alcanzar el objetivo de proteger (contra el mal) al 70 por ciento de la poblaci\u00f3n del pa\u00eds, dijo el mandatario en el acto de lanzamiento oficial de la campa\u00f1a.<\/p>\n\n\n\n<p>Actualmente, cerca de la tercera parte de los 110 millones de filipinos completaron la pauta inmunizante.<\/p>\n\n\n\n<p>La semana pasada, en un intento por reanimar la maltrecha econom\u00eda nacional, el gobierno autoriz\u00f3 la entrada a partir del 1 de diciembre de viajeros procedentes de un crecido n\u00famero de naciones y poseedores del llamado pasaporte de vacunas.<\/p>\n\n\n\n<p>Pero la aparici\u00f3n de la variante \u00d3micron le hizo cambiar de planes y en las \u00faltimas horas anunci\u00f3 la suspensi\u00f3n temporal de los vuelos hacia y desde Sud\u00e1frica y otras naciones africanas y europeas donde fueron confirmados contagiados con la amenazante variante.<\/p>\n\n\n\n<p>Despu\u00e9s de Indonesia, Filipinas es el pa\u00eds del sudeste asi\u00e1tico m\u00e1s castigado por la COVID-19: dos millones 832 mil 375 casos y 48 mil 501 muertes.<br>\n&#8212; NNN-PRENSA LATINA<\/p>\n","protected":false},"excerpt":{"rendered":"<p>MANILA, 30 de noviembre (NNN-PRENSA LATINA) &#8212; Filipinas inici\u00f3 el lunes una campa\u00f1a rel\u00e1mpago de vacunaci\u00f3n contra la COVID-19 y aplaz\u00f3 la decisi\u00f3n de recibir viajeros de un grupo seleccionado de pa\u00edses donde ya est\u00e1 presente la variante \u00d3micron del coronavirus SARS-CoV-2. Seg\u00fan anunci\u00f3 el propio presidente Rodrigo Duterte, el pa\u00eds vacunar\u00e1 de lunes a [&hellip;]<\/p>\n","protected":false},"author":2,"featured_media":62378,"comment_status":"closed","ping_status":"closed","sticky":false,"template":"","format":"standard","meta":[],"categories":[274,208,211,198],"tags":[],"_links":{"self":[{"href":"http:\/\/www.namnewsnetwork.org\/es\/index.php?rest_route=\/wp\/v2\/posts\/62367"}],"collection":[{"href":"http:\/\/www.namnewsnetwork.org\/es\/index.php?rest_route=\/wp\/v2\/posts"}],"about":[{"href":"http:\/\/www.namnewsnetwork.org\/es\/index.php?rest_route=\/wp\/v2\/types\/post"}],"author":[{"embeddable":true,"href":"http:\/\/www.namnewsnetwork.org\/es\/index.php?rest_route=\/wp\/v2\/users\/2"}],"replies":[{"embeddable":true,"href":"http:\/\/www.namnewsnetwork.org\/es\/index.php?rest_route=%2Fwp%2Fv2%2Fcomments&post=62367"}],"version-history":[{"count":1,"href":"http:\/\/www.namnewsnetwork.org\/es\/index.php?rest_route=\/wp\/v2\/posts\/62367\/revisions"}],"predecessor-version":[{"id":62379,"href":"http:\/\/www.namnewsnetwork.org\/es\/index.php?rest_route=\/wp\/v2\/posts\/62367\/revisions\/62379"}],"wp:featuredmedia":[{"embeddable":true,"href":"http:\/\/www.namnewsnetwork.org\/es\/index.php?rest_route=\/wp\/v2\/media\/62378"}],"wp:attachment":[{"href":"http:\/\/www.namnewsnetwork.org\/es\/index.php?rest_route=%2Fwp%2Fv2%2Fmedia&parent=62367"}],"wp:term":[{"taxonomy":"category","embeddable":true,"href":"http:\/\/www.namnewsnetwork.org\/es\/index.php?rest_route=%2Fwp%2Fv2%2Fcategories&post=62367"},{"taxonomy":"post_tag","embeddable":true,"href":"http:\/\/www.namnewsnetwork.org\/es\/index.php?rest_route=%2Fwp%2Fv2%2Ftags&post=62367"}],"curies":[{"name":"wp","href":"https:\/\/api.w.org\/{rel}","templated":true}]}}