{"id":6120,"date":"2019-02-12T17:00:20","date_gmt":"2019-02-12T09:00:20","guid":{"rendered":"http:\/\/www.namnewsnetwork.org\/es\/?p=6120"},"modified":"2019-02-12T17:00:23","modified_gmt":"2019-02-12T09:00:23","slug":"inundaciones-y-fuegos-causan-danos-multimillonarios-en-chile","status":"publish","type":"post","link":"http:\/\/www.namnewsnetwork.org\/es\/?p=6120","title":{"rendered":"Inundaciones y fuegos causan da\u00f1os multimillonarios en Chile"},"content":{"rendered":"\n<p>SANTIAGO, 12 feb (NNN-PRENSA LATINA) &#8212; A unos USD 195 millones ascienden los da\u00f1os causados por los incendios forestales, las inundaciones y el sismo del 19 de enero en Chile, dijo el lunes el presidente Sebasti\u00e1n Pi\u00f1era.<\/p>\n\n\n\n<div class=\"wp-block-image\"><figure class=\"aligncenter\"><img src=\"http:\/\/www.namnewsnetwork.org\/es\/wp-content\/uploads\/2019\/02\/pl7.jpg\" alt=\"\" class=\"wp-image-6121\"\/><figcaption> <br>Foto cortes\u00eda de Prensa Latina <\/figcaption><\/figure><\/div>\n\n\n\n<p>Tras encabezar en esta capital un comit\u00e9 pol\u00edtico en el palacio de La Moneda, Pi\u00f1era inform\u00f3 a la prensa sobre el c\u00e1lculo de las perdidas y asegur\u00f3 que los recursos para enfrentar estas emergencias est\u00e1n contemplados en el presupuesto de 2019, y que en los gastos en la recuperaci\u00f3n se priorizar\u00e1n las necesidades m\u00e1s urgentes.<\/p>\n\n\n\n<p>En la zona norte del pa\u00eds se requerir\u00e1n unos 60 mil millones de pesos (cerca de 90 millones de d\u00f3lares), sobre todo para la reparaci\u00f3n de caminos y carreteras, que resultaron muy da\u00f1ados por las riadas a consecuencia del temporal que se desat\u00f3 a lo largo de la pasada semana.<\/p>\n\n\n\n<p>Ya el mandatario hab\u00eda anunciado adem\u00e1s una asignaci\u00f3n de dos mil 700 millones de pesos (cerca de cinco millones de d\u00f3lares) en ayuda a los agricultores, que perdieron cultivos y ganado, aunque la miner\u00eda, base econ\u00f3mica de la zona norte del pa\u00eds, no sufri\u00f3 da\u00f1os de consideraci\u00f3n, explic\u00f3.<\/p>\n\n\n\n<p>Con relaci\u00f3n a los incendios forestales que golpean la zona sur del pa\u00eds, dijo que hasta este lunes se han contabilizado cuatro mil 126 fuegos que arrasaron m\u00e1s de 41 mil 300 hect\u00e1reas.<\/p>\n\n\n\n<p>No obstante, consider\u00f3 que los estragos por los incendios forestales est\u00e1n &#8216;dentro de la normalidad promedio&#8217; de lo que ocurre cada a\u00f1o en el pa\u00eds.<\/p>\n\n\n\n<p>Al respecto destac\u00f3 el incremento del monto presupuestario asignado para combatir los incendios, que este a\u00f1o aumento 112 por ciento, con un total de 53 mil millones de pesos.<\/p>\n\n\n\n<p>Por \u00faltimo, se\u00f1al\u00f3 que para resta\u00f1ar los da\u00f1os del terremoto del 19 de enero en la regi\u00f3n de Coquimbo, se destinaron 15 mil millones de pesos (poco m\u00e1s de 22 millones de d\u00f3lares) para las reparaciones de las infraestructuras y edificaciones da\u00f1adas.<\/p>\n\n\n\n<p>El mandatario lament\u00f3 igualmente la muerte de 10 personas a causa de esas contingencias: dos por el terremoto, dos por los incendios forestales y seis a consecuencia de las inundaciones.<\/p>\n\n\n\n<p>No obstante, el monto de los da\u00f1os resulta preliminar, puesto que los incendios en el sur contin\u00faan, mientras que las lluvias en el norte amainaron en las \u00faltimas horas, pero el invierno altipl\u00e1nico que las genera debe extenderse hasta marzo, seg\u00fan indican las previsiones meteorol\u00f3gicas.<\/p>\n\n\n\n<p>&#8212; NNN-PRENSA LATINA <\/p>\n","protected":false},"excerpt":{"rendered":"<p>SANTIAGO, 12 feb (NNN-PRENSA LATINA) &#8212; A unos USD 195 millones ascienden los da\u00f1os causados por los incendios forestales, las inundaciones y el sismo del 19 de enero en Chile, dijo el lunes el presidente Sebasti\u00e1n Pi\u00f1era. Tras encabezar en esta capital un comit\u00e9 pol\u00edtico en el palacio de La Moneda, Pi\u00f1era inform\u00f3 a la [&hellip;]<\/p>\n","protected":false},"author":2,"featured_media":0,"comment_status":"open","ping_status":"open","sticky":false,"template":"","format":"standard","meta":[],"categories":[215,277],"tags":[],"_links":{"self":[{"href":"http:\/\/www.namnewsnetwork.org\/es\/index.php?rest_route=\/wp\/v2\/posts\/6120"}],"collection":[{"href":"http:\/\/www.namnewsnetwork.org\/es\/index.php?rest_route=\/wp\/v2\/posts"}],"about":[{"href":"http:\/\/www.namnewsnetwork.org\/es\/index.php?rest_route=\/wp\/v2\/types\/post"}],"author":[{"embeddable":true,"href":"http:\/\/www.namnewsnetwork.org\/es\/index.php?rest_route=\/wp\/v2\/users\/2"}],"replies":[{"embeddable":true,"href":"http:\/\/www.namnewsnetwork.org\/es\/index.php?rest_route=%2Fwp%2Fv2%2Fcomments&post=6120"}],"version-history":[{"count":1,"href":"http:\/\/www.namnewsnetwork.org\/es\/index.php?rest_route=\/wp\/v2\/posts\/6120\/revisions"}],"predecessor-version":[{"id":6122,"href":"http:\/\/www.namnewsnetwork.org\/es\/index.php?rest_route=\/wp\/v2\/posts\/6120\/revisions\/6122"}],"wp:attachment":[{"href":"http:\/\/www.namnewsnetwork.org\/es\/index.php?rest_route=%2Fwp%2Fv2%2Fmedia&parent=6120"}],"wp:term":[{"taxonomy":"category","embeddable":true,"href":"http:\/\/www.namnewsnetwork.org\/es\/index.php?rest_route=%2Fwp%2Fv2%2Fcategories&post=6120"},{"taxonomy":"post_tag","embeddable":true,"href":"http:\/\/www.namnewsnetwork.org\/es\/index.php?rest_route=%2Fwp%2Fv2%2Ftags&post=6120"}],"curies":[{"name":"wp","href":"https:\/\/api.w.org\/{rel}","templated":true}]}}