{"id":55222,"date":"2021-07-24T23:21:09","date_gmt":"2021-07-24T15:21:09","guid":{"rendered":"http:\/\/www.namnewsnetwork.org\/es\/?p=55222"},"modified":"2021-07-24T23:21:11","modified_gmt":"2021-07-24T15:21:11","slug":"evacuan-a-miles-de-personas-por-las-inundaciones-en-filipinas","status":"publish","type":"post","link":"http:\/\/www.namnewsnetwork.org\/es\/?p=55222","title":{"rendered":"Evacuan a miles de personas por las inundaciones en Filipinas"},"content":{"rendered":"\n<p>MANILA, 24 de julio (NNN-VNA) &#8212; Las autoridades filipinas trasladaron el s\u00e1bado a miles de residentes de la capital Manila fuera de sus comunidades bajas cuando las fuertes lluvias monz\u00f3nicas inundaron la ciudad y las provincias cercanas.<\/p>\n\n\n\n<div class=\"wp-block-image\"><figure class=\"alignright is-resized\"><img loading=\"lazy\" src=\"http:\/\/www.namnewsnetwork.org\/es\/wp-content\/uploads\/2021\/07\/Filipinas-evacua-a-miles-de-personas-por-inundaciones.jpg\" alt=\"\" class=\"wp-image-55253\" width=\"310\" height=\"207\" srcset=\"http:\/\/www.namnewsnetwork.org\/es\/wp-content\/uploads\/2021\/07\/Filipinas-evacua-a-miles-de-personas-por-inundaciones.jpg 355w, http:\/\/www.namnewsnetwork.org\/es\/wp-content\/uploads\/2021\/07\/Filipinas-evacua-a-miles-de-personas-por-inundaciones-300x200.jpg 300w\" sizes=\"(max-width: 310px) 100vw, 310px\" \/><figcaption>Inundaciones en la capital Manila, Filipinas. (Fuente: Rappler)<br> <\/figcaption><\/figure><\/div>\n\n\n\n<p>La agencia nacional de desastres inform\u00f3 que 14 mil 23 personas, la mayor\u00eda de ellas de un suburbio de Manila propenso a inundaciones, fueron trasladadas a los centros de evacuaci\u00f3n.<\/p>\n\n\n\n<p>\u201cPedimos a los residentes de las \u00e1reas afectadas que permanezcan alerta y vigilantes, tomen medidas de precauci\u00f3n y cooperen con sus respectivas autoridades locales\u201d, dijo el portavoz presidencial Harry Roque en un comunicado.<\/p>\n\n\n\n<p>En algunas partes de la regi\u00f3n de la capital filipina, una expansi\u00f3n urbana de m\u00e1s de 13 millones de personas, las inundaciones, en lugares hasta la cintura, cortaron las carreteras a los veh\u00edculos ligeros.<\/p>\n\n\n\n<p>Humerlito Dolor, gobernador de la provincia Oriental Mindoro al sur de la capital, dijo que algunas casas se inundaron hasta el techo.<\/p>\n\n\n\n<p>M\u00e1s temprano el s\u00e1bado, los residentes de Metro Manila y las provincias cercanas se despertaron luego de un terremoto de magnitud 6,6 que sacudi\u00f3 la provincia vecina de Batangas.<\/p>\n\n\n\n<p>El Instituto Filipino de Vulcanolog\u00eda y Sismolog\u00eda (Phivolcs) dijo que el epicentro del terremoto fue al suroeste de la ciudad de Calatagan en Batangas, la misma provincia donde un volc\u00e1n activo amenaza con entrar en erupci\u00f3n.<\/p>\n\n\n\n<p>No hubo informes de v\u00edctimas o da\u00f1os importantes a la propiedad.<br>\n&#8212; NNN-VNA<\/p>\n","protected":false},"excerpt":{"rendered":"<p>MANILA, 24 de julio (NNN-VNA) &#8212; Las autoridades filipinas trasladaron el s\u00e1bado a miles de residentes de la capital Manila fuera de sus comunidades bajas cuando las fuertes lluvias monz\u00f3nicas inundaron la ciudad y las provincias cercanas. La agencia nacional de desastres inform\u00f3 que 14 mil 23 personas, la mayor\u00eda de ellas de un suburbio [&hellip;]<\/p>\n","protected":false},"author":2,"featured_media":55253,"comment_status":"closed","ping_status":"closed","sticky":false,"template":"","format":"standard","meta":[],"categories":[274,208,211],"tags":[],"_links":{"self":[{"href":"http:\/\/www.namnewsnetwork.org\/es\/index.php?rest_route=\/wp\/v2\/posts\/55222"}],"collection":[{"href":"http:\/\/www.namnewsnetwork.org\/es\/index.php?rest_route=\/wp\/v2\/posts"}],"about":[{"href":"http:\/\/www.namnewsnetwork.org\/es\/index.php?rest_route=\/wp\/v2\/types\/post"}],"author":[{"embeddable":true,"href":"http:\/\/www.namnewsnetwork.org\/es\/index.php?rest_route=\/wp\/v2\/users\/2"}],"replies":[{"embeddable":true,"href":"http:\/\/www.namnewsnetwork.org\/es\/index.php?rest_route=%2Fwp%2Fv2%2Fcomments&post=55222"}],"version-history":[{"count":1,"href":"http:\/\/www.namnewsnetwork.org\/es\/index.php?rest_route=\/wp\/v2\/posts\/55222\/revisions"}],"predecessor-version":[{"id":55254,"href":"http:\/\/www.namnewsnetwork.org\/es\/index.php?rest_route=\/wp\/v2\/posts\/55222\/revisions\/55254"}],"wp:featuredmedia":[{"embeddable":true,"href":"http:\/\/www.namnewsnetwork.org\/es\/index.php?rest_route=\/wp\/v2\/media\/55253"}],"wp:attachment":[{"href":"http:\/\/www.namnewsnetwork.org\/es\/index.php?rest_route=%2Fwp%2Fv2%2Fmedia&parent=55222"}],"wp:term":[{"taxonomy":"category","embeddable":true,"href":"http:\/\/www.namnewsnetwork.org\/es\/index.php?rest_route=%2Fwp%2Fv2%2Fcategories&post=55222"},{"taxonomy":"post_tag","embeddable":true,"href":"http:\/\/www.namnewsnetwork.org\/es\/index.php?rest_route=%2Fwp%2Fv2%2Ftags&post=55222"}],"curies":[{"name":"wp","href":"https:\/\/api.w.org\/{rel}","templated":true}]}}