{"id":53181,"date":"2021-06-20T23:34:25","date_gmt":"2021-06-20T15:34:25","guid":{"rendered":"http:\/\/www.namnewsnetwork.org\/es\/?p=53181"},"modified":"2021-06-20T23:45:29","modified_gmt":"2021-06-20T15:45:29","slug":"ejercito-de-somalia-mata-a-15-elementos-de-al-shabab","status":"publish","type":"post","link":"http:\/\/www.namnewsnetwork.org\/es\/?p=53181","title":{"rendered":"Ej\u00e9rcito de Somalia mata a 15 elementos de Al-Shabab"},"content":{"rendered":"\n<p>MOGADISCIO, 20 de junio (NNN-PRENSA LATINA) &#8212; El Ej\u00e9rcito de Somalia inform\u00f3 el domingo que fueron abatidos 15 integrantes del grupo radical isl\u00e1mico Al-Shabab en una operaci\u00f3n militar efectuada en el distrito de Diinsoor, sure\u00f1a regi\u00f3n de Bay.<\/p>\n\n\n\n<p>El enfrentamiento se desencaden\u00f3 luego de que un grupo de extremistas atac\u00f3 una base de las tropas gubernamentales, indic\u00f3 una fuente de las fuerzas armadas, citada por la Agencia de Noticias Sonna.<\/p>\n\n\n\n<p>Tambi\u00e9n, seg\u00fan oficiales, tras choques armados con una milicia de Al-Shabab en la ciudad de Dhusamareb, capital administrativa del estado de Galmudug, el Ej\u00e9rcito desplaz\u00f3 a los elementos radicales de una localidad e incaut\u00f3 armas.<\/p>\n\n\n\n<p>Hace dos d\u00edas, fuerzas somal\u00edes y de la Uni\u00f3n Africana abatieron a otros siete integrantes del ente Al-Shabab mediante una redada efectuada en la central regi\u00f3n de Hiiraan.<\/p>\n\n\n\n<p>Expulsada en agosto de 2011 de Mogadiscio, capital de este pa\u00eds, la formaci\u00f3n radical opera en zonas del centro y sur de este considerado inestable Estado, el cual carece de un gobierno central fuerte, en medio de la presencia de clanes y se\u00f1ores de la guerra.<br>\n&#8212; NNN-PRENSA LATINA<\/p>\n","protected":false},"excerpt":{"rendered":"<p>MOGADISCIO, 20 de junio (NNN-PRENSA LATINA) &#8212; El Ej\u00e9rcito de Somalia inform\u00f3 el domingo que fueron abatidos 15 integrantes del grupo radical isl\u00e1mico Al-Shabab en una operaci\u00f3n militar efectuada en el distrito de Diinsoor, sure\u00f1a regi\u00f3n de Bay. El enfrentamiento se desencaden\u00f3 luego de que un grupo de extremistas atac\u00f3 una base de las tropas [&hellip;]<\/p>\n","protected":false},"author":2,"featured_media":53199,"comment_status":"closed","ping_status":"closed","sticky":false,"template":"","format":"standard","meta":[],"categories":[217,276,211],"tags":[],"_links":{"self":[{"href":"http:\/\/www.namnewsnetwork.org\/es\/index.php?rest_route=\/wp\/v2\/posts\/53181"}],"collection":[{"href":"http:\/\/www.namnewsnetwork.org\/es\/index.php?rest_route=\/wp\/v2\/posts"}],"about":[{"href":"http:\/\/www.namnewsnetwork.org\/es\/index.php?rest_route=\/wp\/v2\/types\/post"}],"author":[{"embeddable":true,"href":"http:\/\/www.namnewsnetwork.org\/es\/index.php?rest_route=\/wp\/v2\/users\/2"}],"replies":[{"embeddable":true,"href":"http:\/\/www.namnewsnetwork.org\/es\/index.php?rest_route=%2Fwp%2Fv2%2Fcomments&post=53181"}],"version-history":[{"count":1,"href":"http:\/\/www.namnewsnetwork.org\/es\/index.php?rest_route=\/wp\/v2\/posts\/53181\/revisions"}],"predecessor-version":[{"id":53200,"href":"http:\/\/www.namnewsnetwork.org\/es\/index.php?rest_route=\/wp\/v2\/posts\/53181\/revisions\/53200"}],"wp:featuredmedia":[{"embeddable":true,"href":"http:\/\/www.namnewsnetwork.org\/es\/index.php?rest_route=\/wp\/v2\/media\/53199"}],"wp:attachment":[{"href":"http:\/\/www.namnewsnetwork.org\/es\/index.php?rest_route=%2Fwp%2Fv2%2Fmedia&parent=53181"}],"wp:term":[{"taxonomy":"category","embeddable":true,"href":"http:\/\/www.namnewsnetwork.org\/es\/index.php?rest_route=%2Fwp%2Fv2%2Fcategories&post=53181"},{"taxonomy":"post_tag","embeddable":true,"href":"http:\/\/www.namnewsnetwork.org\/es\/index.php?rest_route=%2Fwp%2Fv2%2Ftags&post=53181"}],"curies":[{"name":"wp","href":"https:\/\/api.w.org\/{rel}","templated":true}]}}