{"id":49334,"date":"2021-04-08T13:18:11","date_gmt":"2021-04-08T05:18:11","guid":{"rendered":"http:\/\/www.namnewsnetwork.org\/es\/?p=49334"},"modified":"2021-04-08T13:19:44","modified_gmt":"2021-04-08T05:19:44","slug":"estudio-revela-cinco-variantes-de-sars-cov-2-en-cuba","status":"publish","type":"post","link":"http:\/\/www.namnewsnetwork.org\/es\/?p=49334","title":{"rendered":"Estudio revela cinco variantes de SARS-CoV-2 en Cuba"},"content":{"rendered":"\n<p>LA HABANA, 8 de abril (NNN-AGENCIAS) &#8212; Cuba revel\u00f3 que actualmente circulan cinco variantes y seis patrones mutacionales del SARS-CoV-2 en el pa\u00eds. Los datos son el resultado de un estudio poblacional encabezado por la Dra. Guadalupe Guzm\u00e1n, jefa del Centro de Investigaci\u00f3n, Diagn\u00f3stico y Referencia del IPK Cuba.<\/p>\n\n\n\n<p>Seg\u00fan informaci\u00f3n del Ministerio de Salud P\u00fablica (Minsap) publicada en Telegram, \u201cse observa un incremento paulatino en el pa\u00eds de otras variantes del virus diferentes al grupo G, reportada inicialmente y todav\u00eda predominante\u201d.<\/p>\n\n\n\n<p>Entre los objetivos cardinales de la naci\u00f3n caribe\u00f1a, figura un mayor incremento de la percepci\u00f3n del riesgo de contraer la enfermedad, al tiempo que se impone continuar cumpliendo con las medidas sanitarias orientadas como una \u201ctarea de todos\u201d.<\/p>\n\n\n\n<p>Detalles ofrecidos en intercambio reciente del presidente de la Rep\u00fablica, Miguel D\u00edaz-Canel Berm\u00fadez, con cient\u00edficos y expertos que trabajan el enfrentamiento a la COVID-19 en Cuba, dan fe de que las cinco variantes gen\u00e9ticas y los seis patrones mutacionales detectados, en el lapso del 28 de diciembre del pasado a\u00f1o al 28 de marzo \u00faltimo, se\u00f1alan a las provincias de La Habana, Mayabeque y Pinar del R\u00edo como las de mayor n\u00famero de patrones-variantes.<\/p>\n\n\n\n<p>\u201cSeg\u00fan la frecuencia de patrones mutacionales por semana en viajeros, se detectaron cuatro variantes y cinco patrones mutacionales; mientras que para los casos aut\u00f3ctonos se comprob\u00f3 una disminuci\u00f3n en el tiempo de la variante D614G y un incremento paulatino de las variantes notificadas en Sud\u00e1frica y California\u201d, trascendi\u00f3 en ese intercambio con el mandatario cubano.<\/p>\n\n\n\n<p>El aumento en la detecci\u00f3n de variantes se debi\u00f3 en un primer momento a viajeros internacionales, tambi\u00e9n se ha introducido en casos aut\u00f3ctonos paulatinamente.<\/p>\n\n\n\n<p>Aun cuando en la variante de predominio es el grupo o Clado G, otras como la sudafricana evidencian una ventaja desde el punto de vista evolutivo, lo cual le confiere la probabilidad potencial de suplantar al Clado G.<\/p>\n\n\n\n<p>Dra. Guadalupe Guzm\u00e1n: \u201cAlgunas de estas variantes se han diseminado m\u00e1s f\u00e1cil y r\u00e1pido que las otras, lo que puede justificar la ocurrencia de m\u00e1s casos de SARS CoV-2. Este podr\u00eda ser un factor que justifique el incremento en el n\u00famero de casos en el pa\u00eds en el \u00faltimo mes\u201d.<\/p>\n\n\n\n<p>De ah\u00ed que, en su opini\u00f3n, deban robustecerse las medidas de aislamiento y las otras ya ampliamente difundidas, que se validan como las m\u00e1s efectivas hasta el momento.<\/p>\n\n\n\n<p>Cuba se alista para implementar un grupo de nuevas medidas en el enfrentamiento a la COVID-19, debido al incremento del n\u00famero de contagios en los \u00faltimos meses. De igual forma, el gobierno cubano anunci\u00f3 que se realizar\u00e1n acciones de promoci\u00f3n y educaci\u00f3n para la salud y decisiones concretas a adoptar por los organismos y por el sistema nacional de salud.<br>\n&#8212; NNN-AGENCIAS<\/p>\n","protected":false},"excerpt":{"rendered":"<p>LA HABANA, 8 de abril (NNN-AGENCIAS) &#8212; Cuba revel\u00f3 que actualmente circulan cinco variantes y seis patrones mutacionales del SARS-CoV-2 en el pa\u00eds. Los datos son el resultado de un estudio poblacional encabezado por la Dra. Guadalupe Guzm\u00e1n, jefa del Centro de Investigaci\u00f3n, Diagn\u00f3stico y Referencia del IPK Cuba. Seg\u00fan informaci\u00f3n del Ministerio de Salud [&hellip;]<\/p>\n","protected":false},"author":2,"featured_media":49336,"comment_status":"closed","ping_status":"closed","sticky":false,"template":"","format":"standard","meta":[],"categories":[215,211,198,273],"tags":[],"_links":{"self":[{"href":"http:\/\/www.namnewsnetwork.org\/es\/index.php?rest_route=\/wp\/v2\/posts\/49334"}],"collection":[{"href":"http:\/\/www.namnewsnetwork.org\/es\/index.php?rest_route=\/wp\/v2\/posts"}],"about":[{"href":"http:\/\/www.namnewsnetwork.org\/es\/index.php?rest_route=\/wp\/v2\/types\/post"}],"author":[{"embeddable":true,"href":"http:\/\/www.namnewsnetwork.org\/es\/index.php?rest_route=\/wp\/v2\/users\/2"}],"replies":[{"embeddable":true,"href":"http:\/\/www.namnewsnetwork.org\/es\/index.php?rest_route=%2Fwp%2Fv2%2Fcomments&post=49334"}],"version-history":[{"count":1,"href":"http:\/\/www.namnewsnetwork.org\/es\/index.php?rest_route=\/wp\/v2\/posts\/49334\/revisions"}],"predecessor-version":[{"id":49364,"href":"http:\/\/www.namnewsnetwork.org\/es\/index.php?rest_route=\/wp\/v2\/posts\/49334\/revisions\/49364"}],"wp:featuredmedia":[{"embeddable":true,"href":"http:\/\/www.namnewsnetwork.org\/es\/index.php?rest_route=\/wp\/v2\/media\/49336"}],"wp:attachment":[{"href":"http:\/\/www.namnewsnetwork.org\/es\/index.php?rest_route=%2Fwp%2Fv2%2Fmedia&parent=49334"}],"wp:term":[{"taxonomy":"category","embeddable":true,"href":"http:\/\/www.namnewsnetwork.org\/es\/index.php?rest_route=%2Fwp%2Fv2%2Fcategories&post=49334"},{"taxonomy":"post_tag","embeddable":true,"href":"http:\/\/www.namnewsnetwork.org\/es\/index.php?rest_route=%2Fwp%2Fv2%2Ftags&post=49334"}],"curies":[{"name":"wp","href":"https:\/\/api.w.org\/{rel}","templated":true}]}}