{"id":4604,"date":"2019-01-30T17:13:57","date_gmt":"2019-01-30T09:13:57","guid":{"rendered":"http:\/\/www.namnewsnetwork.org\/es\/?p=4604"},"modified":"2019-01-30T17:13:59","modified_gmt":"2019-01-30T09:13:59","slug":"venezuela-abre-canales-de-dialogo-con-la-union-europea","status":"publish","type":"post","link":"http:\/\/www.namnewsnetwork.org\/es\/?p=4604","title":{"rendered":"Venezuela abre canales de dialogo con la Uni\u00f3n Europea"},"content":{"rendered":"\n<p>CARACAS, 19 ene\n(NNN-AVN) &#8212; El presidente de la Rep\u00fablica Bolivariana de Venezuela, Nicol\u00e1s\nMaduro, sostuvo el viernes una reuni\u00f3n con embajadores y encargados de negocios\nde la Uni\u00f3n Europea (UE) para tratar diversos temas, especialmente abrir\ncanales de di\u00e1logo en el marco del respeto y autodeterminaci\u00f3n de los pueblos. <\/p>\n\n\n\n<p>&#8220;Sostuve una\nproductiva reuni\u00f3n con embajadores de la Uni\u00f3n Europea. Conversamos temas de\ninter\u00e9s com\u00fan y abrimos canales de di\u00e1logo y de entendimiento, en el marco del\nrespeto y la autodeterminaci\u00f3n de los pueblos&#8221;, expres\u00f3 el Presidente en\nun mensaje Twitter. <\/p>\n\n\n\n<p>La reuni\u00f3n se\nrealiz\u00f3 en el Palacio de Miraflores, Caracas, donde estuvo presente la\nembajadora de la UE, Isabel Brilhante, acompa\u00f1ada con embajadores de pa\u00edses\ncomo Francia, Espa\u00f1a, Rep\u00fablica Hel\u00e9nica, Italia, Pa\u00edses Bajos, Gran Breta\u00f1a,\nPolonia, Ruman\u00eda, Portuguesa y Alemania. <\/p>\n\n\n\n<p>La delegaci\u00f3n en\nsu llegada al Palacio Presidencial fue recibida por el canciller de la\nRep\u00fablica, Jorge Arreaza. <\/p>\n\n\n\n<p>&#8212; NNN-AVN<\/p>\n","protected":false},"excerpt":{"rendered":"<p>CARACAS, 19 ene (NNN-AVN) &#8212; El presidente de la Rep\u00fablica Bolivariana de Venezuela, Nicol\u00e1s Maduro, sostuvo el viernes una reuni\u00f3n con embajadores y encargados de negocios de la Uni\u00f3n Europea (UE) para tratar diversos temas, especialmente abrir canales de di\u00e1logo en el marco del respeto y autodeterminaci\u00f3n de los pueblos. &#8220;Sostuve una productiva reuni\u00f3n con [&hellip;]<\/p>\n","protected":false},"author":2,"featured_media":0,"comment_status":"open","ping_status":"open","sticky":false,"template":"","format":"standard","meta":[],"categories":[215],"tags":[],"_links":{"self":[{"href":"http:\/\/www.namnewsnetwork.org\/es\/index.php?rest_route=\/wp\/v2\/posts\/4604"}],"collection":[{"href":"http:\/\/www.namnewsnetwork.org\/es\/index.php?rest_route=\/wp\/v2\/posts"}],"about":[{"href":"http:\/\/www.namnewsnetwork.org\/es\/index.php?rest_route=\/wp\/v2\/types\/post"}],"author":[{"embeddable":true,"href":"http:\/\/www.namnewsnetwork.org\/es\/index.php?rest_route=\/wp\/v2\/users\/2"}],"replies":[{"embeddable":true,"href":"http:\/\/www.namnewsnetwork.org\/es\/index.php?rest_route=%2Fwp%2Fv2%2Fcomments&post=4604"}],"version-history":[{"count":1,"href":"http:\/\/www.namnewsnetwork.org\/es\/index.php?rest_route=\/wp\/v2\/posts\/4604\/revisions"}],"predecessor-version":[{"id":4605,"href":"http:\/\/www.namnewsnetwork.org\/es\/index.php?rest_route=\/wp\/v2\/posts\/4604\/revisions\/4605"}],"wp:attachment":[{"href":"http:\/\/www.namnewsnetwork.org\/es\/index.php?rest_route=%2Fwp%2Fv2%2Fmedia&parent=4604"}],"wp:term":[{"taxonomy":"category","embeddable":true,"href":"http:\/\/www.namnewsnetwork.org\/es\/index.php?rest_route=%2Fwp%2Fv2%2Fcategories&post=4604"},{"taxonomy":"post_tag","embeddable":true,"href":"http:\/\/www.namnewsnetwork.org\/es\/index.php?rest_route=%2Fwp%2Fv2%2Ftags&post=4604"}],"curies":[{"name":"wp","href":"https:\/\/api.w.org\/{rel}","templated":true}]}}