{"id":43951,"date":"2020-12-02T10:30:09","date_gmt":"2020-12-02T02:30:09","guid":{"rendered":"http:\/\/www.namnewsnetwork.org\/es\/?p=43951"},"modified":"2020-12-02T10:30:17","modified_gmt":"2020-12-02T02:30:17","slug":"reporta-angola-112-nuevos-casos-de-coronavirus","status":"publish","type":"post","link":"http:\/\/www.namnewsnetwork.org\/es\/?p=43951","title":{"rendered":"Reporta Angola 112 nuevos casos de coronavirus"},"content":{"rendered":"\n<p>LUANDA, 2 de diciembre (NNN-PRENSA LATINA) &#8212; Laboratorios en Angola confirmaron en las \u00faltimas 24 horas el diagn\u00f3stico positivo de otras 112 personas infectadas por el coronavirus SARS-CoV2, causante de la pandemia de la COVID-19, inform\u00f3 el martes una fuente oficial.<\/p>\n\n\n\n<p>El secretario de estado para Salud P\u00fablica, Franco Mufinda, explic\u00f3 en conferencia de prensa que los contaminados residen en siete de las 18 provincias del pa\u00eds, aunque la mayor\u00eda (68) vive en Luanda, considerada aqu\u00ed como el epicentro del brote pand\u00e9mico.<\/p>\n\n\n\n<p>En ocasi\u00f3n del D\u00eda Mundial de Lucha contra el Sida, el experto aprovech\u00f3 el intercambio para insistir en que las personas con VIH-Sida y otras patolog\u00edas cr\u00f3nicas, como diabetes y c\u00e1ncer, presentan mayores riesgos de morbilidad en caso de contraer la COVID-19.<\/p>\n\n\n\n<p>El doctor Mufinda recalc\u00f3 la importancia de una conducta responsable por parte de los pacientes mediante la asistencia sistem\u00e1tica a las consultas y el cumplimiento regular de la medicaci\u00f3n orientada por los especialistas de la salud.<\/p>\n\n\n\n<p>Ning\u00fan individuo con VIH-Sida debe ser estigmatizado ni discriminado y nadie de quedar atr\u00e1s en t\u00e9rminos de asistencia, consider\u00f3 el experto, quien tambi\u00e9n anunci\u00f3 la muerte de otros dos contaminados por el coronavirus SARS-CoV2 en Benguela y Luanda, con edades de 79 y 87 a\u00f1os, respectivamente.<\/p>\n\n\n\n<p>Durante las \u00faltimas 24 horas, 81 casos de la COVID-19 lograron su recuperaci\u00f3n en los territorios de Luanda, Cunene, U\u00edge, Huambo y Namibe, inform\u00f3 el representante de la comisi\u00f3n multisectorial de prevenci\u00f3n y combate contra la pandemia.<\/p>\n\n\n\n<p>Por ahora, sintetiz\u00f3, Angola acumula 15 mil 251 casos confirmados de la COVID-19, con 350 muertos, siete mil 932 recuperados y seis mil 969 activos, aunque buena parte no presenta ning\u00fan s\u00edntoma cl\u00ednico de la virosis.<br>\n&#8212; NNN-PRENSA LATINA<\/p>\n","protected":false},"excerpt":{"rendered":"<p>LUANDA, 2 de diciembre (NNN-PRENSA LATINA) &#8212; Laboratorios en Angola confirmaron en las \u00faltimas 24 horas el diagn\u00f3stico positivo de otras 112 personas infectadas por el coronavirus SARS-CoV2, causante de la pandemia de la COVID-19, inform\u00f3 el martes una fuente oficial. El secretario de estado para Salud P\u00fablica, Franco Mufinda, explic\u00f3 en conferencia de prensa [&hellip;]<\/p>\n","protected":false},"author":2,"featured_media":41462,"comment_status":"closed","ping_status":"closed","sticky":false,"template":"","format":"standard","meta":[],"categories":[217,276,211,198],"tags":[],"_links":{"self":[{"href":"http:\/\/www.namnewsnetwork.org\/es\/index.php?rest_route=\/wp\/v2\/posts\/43951"}],"collection":[{"href":"http:\/\/www.namnewsnetwork.org\/es\/index.php?rest_route=\/wp\/v2\/posts"}],"about":[{"href":"http:\/\/www.namnewsnetwork.org\/es\/index.php?rest_route=\/wp\/v2\/types\/post"}],"author":[{"embeddable":true,"href":"http:\/\/www.namnewsnetwork.org\/es\/index.php?rest_route=\/wp\/v2\/users\/2"}],"replies":[{"embeddable":true,"href":"http:\/\/www.namnewsnetwork.org\/es\/index.php?rest_route=%2Fwp%2Fv2%2Fcomments&post=43951"}],"version-history":[{"count":1,"href":"http:\/\/www.namnewsnetwork.org\/es\/index.php?rest_route=\/wp\/v2\/posts\/43951\/revisions"}],"predecessor-version":[{"id":43962,"href":"http:\/\/www.namnewsnetwork.org\/es\/index.php?rest_route=\/wp\/v2\/posts\/43951\/revisions\/43962"}],"wp:featuredmedia":[{"embeddable":true,"href":"http:\/\/www.namnewsnetwork.org\/es\/index.php?rest_route=\/wp\/v2\/media\/41462"}],"wp:attachment":[{"href":"http:\/\/www.namnewsnetwork.org\/es\/index.php?rest_route=%2Fwp%2Fv2%2Fmedia&parent=43951"}],"wp:term":[{"taxonomy":"category","embeddable":true,"href":"http:\/\/www.namnewsnetwork.org\/es\/index.php?rest_route=%2Fwp%2Fv2%2Fcategories&post=43951"},{"taxonomy":"post_tag","embeddable":true,"href":"http:\/\/www.namnewsnetwork.org\/es\/index.php?rest_route=%2Fwp%2Fv2%2Ftags&post=43951"}],"curies":[{"name":"wp","href":"https:\/\/api.w.org\/{rel}","templated":true}]}}