{"id":43915,"date":"2020-12-01T16:32:53","date_gmt":"2020-12-01T08:32:53","guid":{"rendered":"http:\/\/www.namnewsnetwork.org\/es\/?p=43915"},"modified":"2020-12-01T14:36:13","modified_gmt":"2020-12-01T06:36:13","slug":"ejercito-de-somalia-ultima-a-17-integrantes-de-al-shabab","status":"publish","type":"post","link":"http:\/\/www.namnewsnetwork.org\/es\/?p=43915","title":{"rendered":"Ej\u00e9rcito de Somalia ultima a 17 integrantes de Al-Shabab"},"content":{"rendered":"\n<p>MOGADISCIO, 1 de diciembre (NNN-PRENSA LATINA) &#8212; El Ej\u00e9rcito de Somalia ultim\u00f3 a 17 integrantes del grupo radical isl\u00e1mico Al-Shabab e hiri\u00f3 a otros seis en una operaci\u00f3n militar en la sure\u00f1a regi\u00f3n de Bajo Shabelle, inform\u00f3 el lunes la Agencia de Noticias Sonna.<\/p>\n\n\n\n<p>Mediante la acci\u00f3n castrense en la zona de El-Maracadde, efectivos de las fuerzas armadas tambi\u00e9n destruyeron puntos fortificados de los elementos extremistas, que les serv\u00edan como bases de operaciones, precis\u00f3 la fuente, basada en informes de inteligencia.<\/p>\n\n\n\n<p>Por otro lado, el portavoz militar Andiasis Qoje inform\u00f3 de alrededor de 20 muertos, tras enfrentamientos acontecidos en las \u00faltimas horas entre el ente radical Al-Shabab, por un lado, y milicias locales y fuerzas de seguridad, por el otro.<\/p>\n\n\n\n<p>Tras se\u00f1alar que esos choques armados tuvieron lugar en la central regi\u00f3n de Mudug, la fuente refiri\u00f3 la existencia de v\u00edctimas en ambos bandos.<\/p>\n\n\n\n<p>A trav\u00e9s de fuertes ofensivas, el Ej\u00e9rcito somal\u00ed y fuerzas de la Misi\u00f3n de la Uni\u00f3n Africana en Somalia liberaron, de forma conjunta desde marzo pasado, varias ciudades y eliminaron a decenas de terroristas, en un escenario marcado por contraataques de esos elementos.<\/p>\n\n\n\n<p>En Somalia, pa\u00eds que sufre intermitentes guerras internas desde 1991 cuando fue derrocado el entonces presidente Mohamed Siad Barre, Al-Shabab tiene activos unos siete mil combatientes, dispersos en el territorio nacional, seg\u00fan diversas fuentes.<br>\n&#8212; NNN-PRENSA LATINA<\/p>\n","protected":false},"excerpt":{"rendered":"<p>MOGADISCIO, 1 de diciembre (NNN-PRENSA LATINA) &#8212; El Ej\u00e9rcito de Somalia ultim\u00f3 a 17 integrantes del grupo radical isl\u00e1mico Al-Shabab e hiri\u00f3 a otros seis en una operaci\u00f3n militar en la sure\u00f1a regi\u00f3n de Bajo Shabelle, inform\u00f3 el lunes la Agencia de Noticias Sonna. Mediante la acci\u00f3n castrense en la zona de El-Maracadde, efectivos de [&hellip;]<\/p>\n","protected":false},"author":2,"featured_media":43916,"comment_status":"closed","ping_status":"closed","sticky":false,"template":"","format":"standard","meta":[],"categories":[217,276,211],"tags":[],"_links":{"self":[{"href":"http:\/\/www.namnewsnetwork.org\/es\/index.php?rest_route=\/wp\/v2\/posts\/43915"}],"collection":[{"href":"http:\/\/www.namnewsnetwork.org\/es\/index.php?rest_route=\/wp\/v2\/posts"}],"about":[{"href":"http:\/\/www.namnewsnetwork.org\/es\/index.php?rest_route=\/wp\/v2\/types\/post"}],"author":[{"embeddable":true,"href":"http:\/\/www.namnewsnetwork.org\/es\/index.php?rest_route=\/wp\/v2\/users\/2"}],"replies":[{"embeddable":true,"href":"http:\/\/www.namnewsnetwork.org\/es\/index.php?rest_route=%2Fwp%2Fv2%2Fcomments&post=43915"}],"version-history":[{"count":1,"href":"http:\/\/www.namnewsnetwork.org\/es\/index.php?rest_route=\/wp\/v2\/posts\/43915\/revisions"}],"predecessor-version":[{"id":43919,"href":"http:\/\/www.namnewsnetwork.org\/es\/index.php?rest_route=\/wp\/v2\/posts\/43915\/revisions\/43919"}],"wp:featuredmedia":[{"embeddable":true,"href":"http:\/\/www.namnewsnetwork.org\/es\/index.php?rest_route=\/wp\/v2\/media\/43916"}],"wp:attachment":[{"href":"http:\/\/www.namnewsnetwork.org\/es\/index.php?rest_route=%2Fwp%2Fv2%2Fmedia&parent=43915"}],"wp:term":[{"taxonomy":"category","embeddable":true,"href":"http:\/\/www.namnewsnetwork.org\/es\/index.php?rest_route=%2Fwp%2Fv2%2Fcategories&post=43915"},{"taxonomy":"post_tag","embeddable":true,"href":"http:\/\/www.namnewsnetwork.org\/es\/index.php?rest_route=%2Fwp%2Fv2%2Ftags&post=43915"}],"curies":[{"name":"wp","href":"https:\/\/api.w.org\/{rel}","templated":true}]}}