{"id":43914,"date":"2020-12-01T14:35:47","date_gmt":"2020-12-01T06:35:47","guid":{"rendered":"http:\/\/www.namnewsnetwork.org\/es\/?p=43914"},"modified":"2020-12-01T14:35:48","modified_gmt":"2020-12-01T06:35:48","slug":"proyecta-niger-elevar-a-50-mil-la-cifra-de-militares","status":"publish","type":"post","link":"http:\/\/www.namnewsnetwork.org\/es\/?p=43914","title":{"rendered":"Proyecta N\u00edger elevar a 50 mil la cifra de militares"},"content":{"rendered":"\n<p>NIAMEY, 1 de diciembre (NNN-PRENSA LATINA) &#8212; El gobierno de N\u00edger proyecta aumentar desde los actuales 25 mil hasta 50 mil la cifra de efectivos militares en los pr\u00f3ximos cinco a\u00f1os para redoblar la lucha contra violentos grupos radicales, informaron el lunes fuentes castrenses.<\/p>\n\n\n\n<p>En una sesi\u00f3n de la Asamblea Nacional, la cual aprob\u00f3 el Proyecto de Ley sobre el Estatuto del Personal del Ej\u00e9rcito, el ministro de Defensa Nacional, Issoufou Katamb\u00e9, manifest\u00f3 que el presidente de este pa\u00eds, Issoufou Mahamadou, reiter\u00f3 su compromiso de incrementar el n\u00famero de integrantes de las fuerzas armadas.<\/p>\n\n\n\n<p>Indic\u00f3 que en aras de lograr ese objetivo ya su cartera orient\u00f3 el reclutamiento de j\u00f3venes en las regiones de este territorio, y la creaci\u00f3n de centros de entrenamiento, difundi\u00f3 el portal digital Actu N\u00edger.<\/p>\n\n\n\n<p>Como parte de los primeros pasos para dar cumplimiento al programa de capacitaci\u00f3n, a inicios de enero de 2021 &#8216;abriremos una escuela de instrucci\u00f3n de uniformados en Niamey&#8217;, capital nigerina, sostuvo el titular.<\/p>\n\n\n\n<p>Seg\u00fan trascendidos, durante la asamblea los parlamentarios refrendaron el mencionado estatuto del personal militar, el cual ampli\u00f3 de 47 a 52 la edad de jubilaci\u00f3n de los oficiales y soldados del Ej\u00e9rcito.<\/p>\n\n\n\n<p>N\u00edger, al igual que otros pa\u00edses del Sahel, sufre desde 2015 mort\u00edferos ataques armados de agrupaciones radicales como Boko Haram y el denominado Estado Isl\u00e1mico de \u00c1frica Occidental.<\/p>\n\n\n\n<p>S\u00f3lo entre 2019 y principios de 2020, tres embestidas de organizaciones extremistas ultimaron a 174 personas en este pa\u00eds africano, lo cual aument\u00f3 la inseguridad, de acuerdo con datos del sitio web digital The Defense Post.<br>\n&#8212; NNN-PRENSA LATINA<\/p>\n","protected":false},"excerpt":{"rendered":"<p>NIAMEY, 1 de diciembre (NNN-PRENSA LATINA) &#8212; El gobierno de N\u00edger proyecta aumentar desde los actuales 25 mil hasta 50 mil la cifra de efectivos militares en los pr\u00f3ximos cinco a\u00f1os para redoblar la lucha contra violentos grupos radicales, informaron el lunes fuentes castrenses. En una sesi\u00f3n de la Asamblea Nacional, la cual aprob\u00f3 el [&hellip;]<\/p>\n","protected":false},"author":2,"featured_media":43917,"comment_status":"closed","ping_status":"closed","sticky":false,"template":"","format":"standard","meta":[],"categories":[217,276,211],"tags":[],"_links":{"self":[{"href":"http:\/\/www.namnewsnetwork.org\/es\/index.php?rest_route=\/wp\/v2\/posts\/43914"}],"collection":[{"href":"http:\/\/www.namnewsnetwork.org\/es\/index.php?rest_route=\/wp\/v2\/posts"}],"about":[{"href":"http:\/\/www.namnewsnetwork.org\/es\/index.php?rest_route=\/wp\/v2\/types\/post"}],"author":[{"embeddable":true,"href":"http:\/\/www.namnewsnetwork.org\/es\/index.php?rest_route=\/wp\/v2\/users\/2"}],"replies":[{"embeddable":true,"href":"http:\/\/www.namnewsnetwork.org\/es\/index.php?rest_route=%2Fwp%2Fv2%2Fcomments&post=43914"}],"version-history":[{"count":1,"href":"http:\/\/www.namnewsnetwork.org\/es\/index.php?rest_route=\/wp\/v2\/posts\/43914\/revisions"}],"predecessor-version":[{"id":43918,"href":"http:\/\/www.namnewsnetwork.org\/es\/index.php?rest_route=\/wp\/v2\/posts\/43914\/revisions\/43918"}],"wp:featuredmedia":[{"embeddable":true,"href":"http:\/\/www.namnewsnetwork.org\/es\/index.php?rest_route=\/wp\/v2\/media\/43917"}],"wp:attachment":[{"href":"http:\/\/www.namnewsnetwork.org\/es\/index.php?rest_route=%2Fwp%2Fv2%2Fmedia&parent=43914"}],"wp:term":[{"taxonomy":"category","embeddable":true,"href":"http:\/\/www.namnewsnetwork.org\/es\/index.php?rest_route=%2Fwp%2Fv2%2Fcategories&post=43914"},{"taxonomy":"post_tag","embeddable":true,"href":"http:\/\/www.namnewsnetwork.org\/es\/index.php?rest_route=%2Fwp%2Fv2%2Ftags&post=43914"}],"curies":[{"name":"wp","href":"https:\/\/api.w.org\/{rel}","templated":true}]}}