{"id":43550,"date":"2020-11-24T13:57:07","date_gmt":"2020-11-24T05:57:07","guid":{"rendered":"http:\/\/www.namnewsnetwork.org\/es\/?p=43550"},"modified":"2020-11-24T13:57:09","modified_gmt":"2020-11-24T05:57:09","slug":"reporta-angola-141-nuevos-casos-de-covid-19","status":"publish","type":"post","link":"http:\/\/www.namnewsnetwork.org\/es\/?p=43550","title":{"rendered":"Reporta Angola 141 nuevos casos de COVID-19"},"content":{"rendered":"\n<p>LUANDA, 24 de noviembre (NNN-PRENSA LATINA) &#8212; Angola notific\u00f3 el lunes 141 nuevos contagios por la COVID-19, para un saldo nacional de 14 mil 634 infectados desde el inicio aqu\u00ed de la pandemia a fines de marzo.<\/p>\n\n\n\n<p>La informaci\u00f3n ofrecida por el secretario de estado para Salud P\u00fablica, Franco Mufinda, permite inferir que la contaminaci\u00f3n avanza en varias provincias al mismo tiempo, aunque Luanda es la m\u00e1s afectada debido a la circulaci\u00f3n comunitaria del SARS-CoV-2, causante del brote pand\u00e9mico.<\/p>\n\n\n\n<p>En conferencia de prensa, el funcionario explic\u00f3 que los diagn\u00f3sticos positivos durante las \u00faltimas 24 horas est\u00e1n vinculados a Moxico (50), Luanda (43) y Cabinda (14), as\u00ed como a Cuanza Sur, Hu\u00edla, Benguela, Cuando Cubango y Huambo, aunque en menor medida.<\/p>\n\n\n\n<p>El representante de la comisi\u00f3n multisectorial de prevenci\u00f3n y combate contra la COVID-19 anunci\u00f3 que en las \u00faltimas horas no hubo ning\u00fan muerto debido a la enfermedad, mientras cinco pacientes lograron su recuperaci\u00f3n en Benguela (oeste).<\/p>\n\n\n\n<p>Angola acumula 337 \u00f3bitos a causa de la infecci\u00f3n por el SARS-CoV-2, siete mil 351 recuperados y seis mil 946 casos activos, detall\u00f3 el doctor Mufinda, quien alert\u00f3 sobre la transmisi\u00f3n de mensajes err\u00f3neos por las redes sociales en torno a las medidas preventivas frente a la dolencia.<\/p>\n\n\n\n<p>El experto insisti\u00f3 en la necesidad de mantener el distanciamiento f\u00edsico, el lavado frecuente de las manos con agua y jab\u00f3n y el uso correcto de las m\u00e1scaras faciales.<\/p>\n\n\n\n<p>Seg\u00fan subray\u00f3, la contenci\u00f3n de la COVID-19 es un problema de responsabilidad individual y colectiva, lo cual denota la trascendencia de las restricciones vigentes en el pa\u00eds al amparo legal de la declaratoria de situaci\u00f3n de Calamidad P\u00fablica.<br>\n&#8212; NNN-PRENSA LATINA<\/p>\n","protected":false},"excerpt":{"rendered":"<p>LUANDA, 24 de noviembre (NNN-PRENSA LATINA) &#8212; Angola notific\u00f3 el lunes 141 nuevos contagios por la COVID-19, para un saldo nacional de 14 mil 634 infectados desde el inicio aqu\u00ed de la pandemia a fines de marzo. La informaci\u00f3n ofrecida por el secretario de estado para Salud P\u00fablica, Franco Mufinda, permite inferir que la contaminaci\u00f3n [&hellip;]<\/p>\n","protected":false},"author":2,"featured_media":34448,"comment_status":"closed","ping_status":"closed","sticky":false,"template":"","format":"standard","meta":[],"categories":[217,276,211,198],"tags":[],"_links":{"self":[{"href":"http:\/\/www.namnewsnetwork.org\/es\/index.php?rest_route=\/wp\/v2\/posts\/43550"}],"collection":[{"href":"http:\/\/www.namnewsnetwork.org\/es\/index.php?rest_route=\/wp\/v2\/posts"}],"about":[{"href":"http:\/\/www.namnewsnetwork.org\/es\/index.php?rest_route=\/wp\/v2\/types\/post"}],"author":[{"embeddable":true,"href":"http:\/\/www.namnewsnetwork.org\/es\/index.php?rest_route=\/wp\/v2\/users\/2"}],"replies":[{"embeddable":true,"href":"http:\/\/www.namnewsnetwork.org\/es\/index.php?rest_route=%2Fwp%2Fv2%2Fcomments&post=43550"}],"version-history":[{"count":1,"href":"http:\/\/www.namnewsnetwork.org\/es\/index.php?rest_route=\/wp\/v2\/posts\/43550\/revisions"}],"predecessor-version":[{"id":43557,"href":"http:\/\/www.namnewsnetwork.org\/es\/index.php?rest_route=\/wp\/v2\/posts\/43550\/revisions\/43557"}],"wp:featuredmedia":[{"embeddable":true,"href":"http:\/\/www.namnewsnetwork.org\/es\/index.php?rest_route=\/wp\/v2\/media\/34448"}],"wp:attachment":[{"href":"http:\/\/www.namnewsnetwork.org\/es\/index.php?rest_route=%2Fwp%2Fv2%2Fmedia&parent=43550"}],"wp:term":[{"taxonomy":"category","embeddable":true,"href":"http:\/\/www.namnewsnetwork.org\/es\/index.php?rest_route=%2Fwp%2Fv2%2Fcategories&post=43550"},{"taxonomy":"post_tag","embeddable":true,"href":"http:\/\/www.namnewsnetwork.org\/es\/index.php?rest_route=%2Fwp%2Fv2%2Ftags&post=43550"}],"curies":[{"name":"wp","href":"https:\/\/api.w.org\/{rel}","templated":true}]}}