{"id":43486,"date":"2020-11-23T15:57:51","date_gmt":"2020-11-23T07:57:51","guid":{"rendered":"http:\/\/www.namnewsnetwork.org\/es\/?p=43486"},"modified":"2020-11-23T13:16:49","modified_gmt":"2020-11-23T05:16:49","slug":"sudafrica-aboga-en-g-20-por-acceso-universal-a-vacuna-contra-la-covid-19","status":"publish","type":"post","link":"http:\/\/www.namnewsnetwork.org\/es\/?p=43486","title":{"rendered":"Sud\u00e1frica aboga en G-20 por acceso universal a vacuna contra la COVID-19"},"content":{"rendered":"\n<p>PRETORIA, 23 de noviembre (NNN-AGENCIAS) &#8212; La Cumbre de dos d\u00edas del G20 se centra en los esfuerzos internacionales para desarrollar una respuesta global para combatir la pandemia de la COVID-19 y ayudar a restaurar las da\u00f1adas econom\u00edas globales.<\/p>\n\n\n\n<p>El presidente de Sud\u00e1frica, Cyril Ramaphosa, llam\u00f3 a los l\u00edderes del G20 a garantizar que todos los pa\u00edses tengan un acceso universal, justo y equitativo a las vacunas contra la COVID-19, cuando est\u00e9n disponibles.<\/p>\n\n\n\n<p>Al intervenir el s\u00e1bado en la primera sesi\u00f3n de la cumbre virtual del G20, organizada por Arabia Saudita, el mandatario sudafricano abog\u00f3 asimismo por mejorar la infraestructura y los sistemas de Salud en toda \u00c1frica.<\/p>\n\n\n\n<p>En estos momentos, dijo, tenemos que afrontar las secuelas financieras y econ\u00f3micas de esta pandemia.<\/p>\n\n\n\n<p>La actividad econ\u00f3mica en la regi\u00f3n de \u00c1frica, afirm\u00f3, se contraer\u00e1 un 3,2 por ciento en 2020 con todo el continente cayendo en una recesi\u00f3n por primera vez en 25 a\u00f1os.<\/p>\n\n\n\n<p>Ahora tenemos la oportunidad de impulsar transformaciones econ\u00f3micas globales, que incluir\u00edan una reforma de la Organizaci\u00f3n Mundial del Comercio para abordar los actuales desequilibrios en las reglas del comercio global, as\u00ed como la adopci\u00f3n de medidas para acelerar la industrializaci\u00f3n en los pa\u00edses en desarrollo, enfatiz\u00f3.<\/p>\n\n\n\n<p>En el encuentro, Ramaphosa llam\u00f3 a los pa\u00edses miembros del G20 a convencer a todas las naciones donantes, a los bancos multilaterales de desarrollo y al sector privado para abordar el problema de la &#8220;insostenible deuda de los pa\u00edses en desarrollo&#8221;.<\/p>\n\n\n\n<p>La Cumbre de dos d\u00edas del G20 se centra en los esfuerzos internacionales para desarrollar una respuesta global para combatir la pandemia de COVID-19 y ayudar a restaurar las da\u00f1adas econom\u00edas globales.<br>&#8212; NNN-AGENCIAS<\/p>\n","protected":false},"excerpt":{"rendered":"<p>PRETORIA, 23 de noviembre (NNN-AGENCIAS) &#8212; La Cumbre de dos d\u00edas del G20 se centra en los esfuerzos internacionales para desarrollar una respuesta global para combatir la pandemia de la COVID-19 y ayudar a restaurar las da\u00f1adas econom\u00edas globales. El presidente de Sud\u00e1frica, Cyril Ramaphosa, llam\u00f3 a los l\u00edderes del G20 a garantizar que todos [&hellip;]<\/p>\n","protected":false},"author":2,"featured_media":43500,"comment_status":"closed","ping_status":"closed","sticky":false,"template":"","format":"standard","meta":[],"categories":[217,276,211,198],"tags":[],"_links":{"self":[{"href":"http:\/\/www.namnewsnetwork.org\/es\/index.php?rest_route=\/wp\/v2\/posts\/43486"}],"collection":[{"href":"http:\/\/www.namnewsnetwork.org\/es\/index.php?rest_route=\/wp\/v2\/posts"}],"about":[{"href":"http:\/\/www.namnewsnetwork.org\/es\/index.php?rest_route=\/wp\/v2\/types\/post"}],"author":[{"embeddable":true,"href":"http:\/\/www.namnewsnetwork.org\/es\/index.php?rest_route=\/wp\/v2\/users\/2"}],"replies":[{"embeddable":true,"href":"http:\/\/www.namnewsnetwork.org\/es\/index.php?rest_route=%2Fwp%2Fv2%2Fcomments&post=43486"}],"version-history":[{"count":1,"href":"http:\/\/www.namnewsnetwork.org\/es\/index.php?rest_route=\/wp\/v2\/posts\/43486\/revisions"}],"predecessor-version":[{"id":43501,"href":"http:\/\/www.namnewsnetwork.org\/es\/index.php?rest_route=\/wp\/v2\/posts\/43486\/revisions\/43501"}],"wp:featuredmedia":[{"embeddable":true,"href":"http:\/\/www.namnewsnetwork.org\/es\/index.php?rest_route=\/wp\/v2\/media\/43500"}],"wp:attachment":[{"href":"http:\/\/www.namnewsnetwork.org\/es\/index.php?rest_route=%2Fwp%2Fv2%2Fmedia&parent=43486"}],"wp:term":[{"taxonomy":"category","embeddable":true,"href":"http:\/\/www.namnewsnetwork.org\/es\/index.php?rest_route=%2Fwp%2Fv2%2Fcategories&post=43486"},{"taxonomy":"post_tag","embeddable":true,"href":"http:\/\/www.namnewsnetwork.org\/es\/index.php?rest_route=%2Fwp%2Fv2%2Ftags&post=43486"}],"curies":[{"name":"wp","href":"https:\/\/api.w.org\/{rel}","templated":true}]}}